{"id":475180,"date":"2025-10-19T17:06:10","date_gmt":"2025-10-19T17:06:10","guid":{"rendered":"https:\/\/www.europesays.com\/fr\/475180\/"},"modified":"2025-10-19T17:06:10","modified_gmt":"2025-10-19T17:06:10","slug":"om-strasbourg-un-nouveau-coup-a-la-rabiot-sur-le-mercato","status":"publish","type":"post","link":"https:\/\/www.europesays.com\/fr\/475180\/","title":{"rendered":"OM &#8211; Strasbourg : Un nouveau coup \u00e0 la Rabiot sur le mercato ?"},"content":{"rendered":"<p class=\"heading\">Apr\u00e8s sa bagarre avec Jonathan Rowe, Adrien Rabiot a \u00e9t\u00e9 pouss\u00e9 vers la sortie par l&rsquo;OM lors du dernier mercato estival. Finalement, l&rsquo;international fran\u00e7ais a fait son retour en Italie, du c\u00f4t\u00e9 de l&rsquo;AC Milan. Tr\u00e8s performant sous les couleurs du RC Strasbourg cette saison, Joaquin Panichelli pourrait rejoindre Adrien Rabiot chez les Rossoneri. <\/p>\n<p>En fin de contrat le 30 juin 2024 avec la <strong>Juventus<\/strong>, <a href=\"https:\/\/le10sport.com\/football\/ligue1\/om\/un-nouvel-attaquant-a-lom-surprise-totale-avec-aubameyang-761853\" rel=\"nofollow noopener\" target=\"_blank\">Adrien Rabiot <\/a>a sign\u00e9 librement et gratuitement \u00e0 l&rsquo;<strong>OM<\/strong>. Alors que son bail avec le club phoc\u00e9en courait jusqu&rsquo;en 2026, l&rsquo;international fran\u00e7ais est parti plus t\u00f4t que pr\u00e9vu. <\/p>\n<p>                                            L&rsquo;AC Milan en pince pour Panichelli<\/p>\n<p>Apr\u00e8s la d\u00e9faite \u00e0 <strong>Rennes<\/strong> (1-0, le 15 aout), <strong>Adrien<\/strong> <strong>Rabiot<\/strong> s&rsquo;est battu avec <strong>Jonathan<\/strong> <strong>Rowe<\/strong>, et ce, dans l&rsquo;un des vestiaires du <strong>Roazhon<\/strong> <strong>Park<\/strong>. Choqu\u00e9e par la violence de ces deux joueurs, la direction de l&rsquo;<strong>OM<\/strong> a d\u00e9cid\u00e9 de boucler leur d\u00e9part lors du dernier mercato estival. D&rsquo;une part, <strong>Adrien<\/strong> <strong>Rabiot<\/strong> a sign\u00e9 \u00e0 l&rsquo;<strong>AC Milan<\/strong>. D&rsquo;autre part, <strong>Jonathan<\/strong> <strong>Rowe<\/strong> a rejoint <strong>Bologne<\/strong>. <\/p>\n<p>                                            Transfert : Panichelli va rejoindre Rabiot <\/p>\n<p>Ce samedi apr\u00e8s-midi, <strong>Luca<\/strong> <strong>Cohen<\/strong> a fait un point sur l&rsquo;avenir de <strong>Joaquin<\/strong> <strong>Panichelli<\/strong> sur X. Alors qu&rsquo;il r\u00e9alise des d\u00e9buts exceptionnels en <strong>Ligue 1<\/strong>, le buteur du <strong>RC<\/strong> <strong>Strasbourg<\/strong> pourrait ne pas faire long feu en <strong>France<\/strong>. En effet, l&rsquo;<strong>AC Milan <\/strong>s&rsquo;int\u00e9resserait de pr\u00e8s \u00e0 <strong>Joaquin<\/strong> <strong>Panichelli<\/strong>, suivant avec attention ses performances. Ainsi, l&rsquo;attaquant de 23 ans pourrait bient\u00f4t rejoindre <strong>Adrien<\/strong> <strong>Rabiot<\/strong> chez les Rossoneri. Affaire \u00e0 suivre&#8230; <\/p>\n","protected":false},"excerpt":{"rendered":"Apr\u00e8s sa bagarre avec Jonathan Rowe, Adrien Rabiot a \u00e9t\u00e9 pouss\u00e9 vers la sortie par l&rsquo;OM lors du&hellip;\n","protected":false},"author":2,"featured_media":475181,"comment_status":"","ping_status":"","sticky":false,"template":"","format":"standard","meta":{"footnotes":""},"categories":[2820],"tags":[1111,11,1777,674,1011,27,775,12,25,640],"class_list":{"0":"post-475180","1":"post","2":"type-post","3":"status-publish","4":"format-standard","5":"has-post-thumbnail","7":"category-strasbourg","8":"tag-actu","9":"tag-actualites","10":"tag-eu","11":"tag-europe","12":"tag-fr","13":"tag-france","14":"tag-grand-est","15":"tag-news","16":"tag-republique-francaise","17":"tag-strasbourg"},"share_on_mastodon":{"url":"https:\/\/pubeurope.com\/@fr\/115401928516851243","error":""},"_links":{"self":[{"href":"https:\/\/www.europesays.com\/fr\/wp-json\/wp\/v2\/posts\/475180","targetHints":{"allow":["GET"]}}],"collection":[{"href":"https:\/\/www.europesays.com\/fr\/wp-json\/wp\/v2\/posts"}],"about":[{"href":"https:\/\/www.europesays.com\/fr\/wp-json\/wp\/v2\/types\/post"}],"author":[{"embeddable":true,"href":"https:\/\/www.europesays.com\/fr\/wp-json\/wp\/v2\/users\/2"}],"replies":[{"embeddable":true,"href":"https:\/\/www.europesays.com\/fr\/wp-json\/wp\/v2\/comments?post=475180"}],"version-history":[{"count":0,"href":"https:\/\/www.europesays.com\/fr\/wp-json\/wp\/v2\/posts\/475180\/revisions"}],"wp:featuredmedia":[{"embeddable":true,"href":"https:\/\/www.europesays.com\/fr\/wp-json\/wp\/v2\/media\/475181"}],"wp:attachment":[{"href":"https:\/\/www.europesays.com\/fr\/wp-json\/wp\/v2\/media?parent=475180"}],"wp:term":[{"taxonomy":"category","embeddable":true,"href":"https:\/\/www.europesays.com\/fr\/wp-json\/wp\/v2\/categories?post=475180"},{"taxonomy":"post_tag","embeddable":true,"href":"https:\/\/www.europesays.com\/fr\/wp-json\/wp\/v2\/tags?post=475180"}],"curies":[{"name":"wp","href":"https:\/\/api.w.org\/{rel}","templated":true}]}}