{"id":475186,"date":"2025-10-19T17:09:24","date_gmt":"2025-10-19T17:09:24","guid":{"rendered":"https:\/\/www.europesays.com\/fr\/475186\/"},"modified":"2025-10-19T17:09:24","modified_gmt":"2025-10-19T17:09:24","slug":"po-tape-la-discut-decouvrez-le-nouveau-format-video-de-presse-ocean","status":"publish","type":"post","link":"https:\/\/www.europesays.com\/fr\/475186\/","title":{"rendered":"PO tape la discut\u2019\u00a0: d\u00e9couvrez le nouveau format vid\u00e9o de Presse Oc\u00e9an"},"content":{"rendered":"<p>Presse Oc\u00e9an lance un nouveau format vid\u00e9o. L\u2019id\u00e9e est de dialoguer pendant six minutes avec des personnes qui nous inspirent et qui vivent en Loire-Atlantique. \u00c7a s\u2019appelle \u00ab\u00a0PO tape la discut\u2019\u00a0\u00bb.<\/p>\n<p>Nos journalistes Brice Bacquet et Ana\u00efs Denet ont par exemple rencontr\u00e9 un rappeur du quartier de Bellevue, un chef fou de ramen, le responsable des collections du Mus\u00e9um de Nantes, une ancienne enfant plac\u00e9e qui aujourd\u2019hui soutient des jeunes trop grands pour l\u2019aide \u00e0 l\u2019enfance ou encore une entrepreneuse qui r\u00e9volutionne le secteur du m\u00e9nage.\u00a0<\/p>\n<p>Dans ces vid\u00e9os, on y parle de violences polici\u00e8res, de trafic, mais aussi de la cuisson des nouilles, de momie et de bien-\u00eatre au travail.<\/p>\n<p>Et ici, on se tutoie<\/p>\n<p>Pour ces interviews film\u00e9es, il n\u2019y a qu\u2019une seule r\u00e8gle \u00e0 suivre\u00a0: le tutoiement. Journalistes et invit\u00e9s se tutoient. Le but est de dialoguer ensemble, que les gens qui s\u2019assoient dans notre studio, am\u00e9nag\u00e9 \u00e0 l\u2019int\u00e9rieur de la r\u00e9daction de Nantes, aient envie de nous raconter leur vie, leurs r\u00eaves et leurs anecdotes.<\/p>\n<p>Et surtout, qu\u2019ils nous partagent ce qui les a inspir\u00e9s quand ils ont mont\u00e9 leur projet et ce qui les motive au quotidien.<\/p>\n<p>Notre premier entretien<\/p>\n<p>Donnez votre avis<\/p>\n<p>Les vid\u00e9os seront \u00e0 retrouver sur <a href=\"https:\/\/www.ouest-france.fr\/faq\/l-application\/application-presse-ocean\/l-application-le-journal-presse-ocean\/\" target=\"_self\" rel=\"noopener\">notre application<\/a>, <a href=\"https:\/\/www.ouest-france.fr\/presse-ocean\/\" target=\"_self\" rel=\"noopener\">notre site internet<\/a> et sur nos r\u00e9seaux sociaux. Leurs versions \u00e9crites seront \u00e0 d\u00e9couvrir dans notre journal papier.<\/p>\n<p>N\u2019h\u00e9sitez pas \u00e0 nous suivre, \u00e0 commenter, \u00e0 nous dire si vous aimez ou non ce nouveau format. Il sera \u00e0 d\u00e9couvrir \u00e0 partir du samedi 18\u00a0octobre 2025, puis toutes les deux semaines jusqu\u2019\u00e0 la fin de l\u2019ann\u00e9e.<\/p>\n<p>\u00a0<\/p>\n","protected":false},"excerpt":{"rendered":"Presse Oc\u00e9an lance un nouveau format vid\u00e9o. L\u2019id\u00e9e est de dialoguer pendant six minutes avec des personnes qui&hellip;\n","protected":false},"author":2,"featured_media":475187,"comment_status":"","ping_status":"","sticky":false,"template":"","format":"standard","meta":{"footnotes":""},"categories":[2818],"tags":[1111,11,3474,59858,1777,674,13717,1011,27,766,12,4565,12517,2636,5766,4048,25,14301,133],"class_list":{"0":"post-475186","1":"post","2":"type-post","3":"status-publish","4":"format-standard","5":"has-post-thumbnail","7":"category-nantes","8":"tag-actu","9":"tag-actualites","10":"tag-decouvrez","11":"tag-discut","12":"tag-eu","13":"tag-europe","14":"tag-format","15":"tag-fr","16":"tag-france","17":"tag-nantes","18":"tag-news","19":"tag-nouveau","20":"tag-ocean","21":"tag-pays-de-la-loire","22":"tag-po","23":"tag-presse","24":"tag-republique-francaise","25":"tag-tape","26":"tag-video"},"share_on_mastodon":{"url":"https:\/\/pubeurope.com\/@fr\/115401940227604392","error":""},"_links":{"self":[{"href":"https:\/\/www.europesays.com\/fr\/wp-json\/wp\/v2\/posts\/475186","targetHints":{"allow":["GET"]}}],"collection":[{"href":"https:\/\/www.europesays.com\/fr\/wp-json\/wp\/v2\/posts"}],"about":[{"href":"https:\/\/www.europesays.com\/fr\/wp-json\/wp\/v2\/types\/post"}],"author":[{"embeddable":true,"href":"https:\/\/www.europesays.com\/fr\/wp-json\/wp\/v2\/users\/2"}],"replies":[{"embeddable":true,"href":"https:\/\/www.europesays.com\/fr\/wp-json\/wp\/v2\/comments?post=475186"}],"version-history":[{"count":0,"href":"https:\/\/www.europesays.com\/fr\/wp-json\/wp\/v2\/posts\/475186\/revisions"}],"wp:featuredmedia":[{"embeddable":true,"href":"https:\/\/www.europesays.com\/fr\/wp-json\/wp\/v2\/media\/475187"}],"wp:attachment":[{"href":"https:\/\/www.europesays.com\/fr\/wp-json\/wp\/v2\/media?parent=475186"}],"wp:term":[{"taxonomy":"category","embeddable":true,"href":"https:\/\/www.europesays.com\/fr\/wp-json\/wp\/v2\/categories?post=475186"},{"taxonomy":"post_tag","embeddable":true,"href":"https:\/\/www.europesays.com\/fr\/wp-json\/wp\/v2\/tags?post=475186"}],"curies":[{"name":"wp","href":"https:\/\/api.w.org\/{rel}","templated":true}]}}