{"id":475209,"date":"2025-10-19T17:26:10","date_gmt":"2025-10-19T17:26:10","guid":{"rendered":"https:\/\/www.europesays.com\/fr\/475209\/"},"modified":"2025-10-19T17:26:10","modified_gmt":"2025-10-19T17:26:10","slug":"le-cambriolage-qui-relance-la-question-explosive-de-la-securite-du-plus-grand-musee-du-monde","status":"publish","type":"post","link":"https:\/\/www.europesays.com\/fr\/475209\/","title":{"rendered":"le cambriolage qui relance la question explosive de la s\u00e9curit\u00e9 du plus grand mus\u00e9e du monde"},"content":{"rendered":"<p>            Par<br \/>\n        <strong><br \/>\n            <a href=\"https:\/\/actu.fr\/auteur\/thomas-martin\" title=\"Consulter tous les articles de Thomas Martin\" target=\"_blank\" rel=\"noopener\">Thomas Martin<\/a><br \/>\n        <\/strong><\/p>\n<p>        Publi\u00e9 le<\/p>\n<p>            19 oct. 2025 \u00e0 18h19        <\/p>\n<p>Comment prot\u00e9ger un tr\u00e9sor aussi vaste que vuln\u00e9rable ? Le <a href=\"https:\/\/actu.fr\/tag\/louvre\" target=\"_blank\" rel=\"noopener\">Louvre<\/a>, ses 73 000 m\u00b2 de galeries et ses quelque 35 000 \u0153uvres, se retrouve au c\u0153ur d\u2019une temp\u00eate s\u00e9curitaire. Le <a href=\"https:\/\/actu.fr\/ile-de-france\/paris_75056\/paris-un-braquage-a-eu-lieu-ce-dimanche-matin-musee-du-louvre-l-etablissement-ferme-toute-la-journee_63320743.html\" target=\"_blank\" rel=\"noopener\">spectaculaire cambriolage<\/a> survenu ce dimanche 19 octobre, au cours duquel plusieurs bijoux \u00ab inestimables \u00bb ont \u00e9t\u00e9 d\u00e9rob\u00e9s dans la galerie d\u2019Apollon, a mis en lumi\u00e8re la fragilit\u00e9 d\u2019un mus\u00e9e pourtant consid\u00e9r\u00e9 comme l\u2019un des sites les plus prot\u00e9g\u00e9s de la plan\u00e8te.<\/p>\n<p>Le douloureux souvenir du vol de 1998<\/p>\n<p class=\" wall-content\">En moins de sept minutes, trois ou quatre cambrioleurs ont p\u00e9n\u00e9tr\u00e9 dans le mus\u00e9e en d\u00e9coupant une vitre \u00e0 la disqueuse depuis une nacelle ext\u00e9rieure, avant de s\u2019enfuir avec leur butin. Un sc\u00e9nario digne d\u2019un film, mais bien r\u00e9el, qui r\u00e9veille de douloureux souvenirs : le dernier vol remontait \u00e0 1998, lorsqu\u2019<a href=\"https:\/\/actu.fr\/ile-de-france\/paris_75056\/paris-ce-tableau-de-maitre-vole-il-y-a-25-ans-en-pleine-journee-au-musee-du-louvre-n-a-jamais-ete-retrouve_62122509.html\" target=\"_blank\" rel=\"noopener\">une toile de Camille Corot<\/a> avait myst\u00e9rieusement disparu \u2014 sans jamais \u00eatre retrouv\u00e9e. \u00ab\u00a0C\u2019est un mus\u00e9e fragile\u00a0\u00bb, avait d\u00e9clar\u00e9 son pr\u00e9sident de l\u2019\u00e9poque Pierre Rosenberg. Pr\u00e8s de trente ans plus tard, le constat semble encore d\u2019actualit\u00e9.<\/p>\n<p class=\" wall-content\">A son arriv\u00e9e \u00e0 la t\u00eate du Louvre en 2021, Laurence des Cars avait demand\u00e9 \u00e0 la pr\u00e9fecture de police de Paris de mener un audit de s\u00e9curit\u00e9 sur son \u00e9tablissement.<\/p>\n<p class=\" wall-content\">A la suite de cet audit, des recommandations ont \u00e9t\u00e9 rendues \u00ab\u00a0il y a quelques semaines, quelques mois\u00a0\u00bb et \u00ab\u00a0commencent \u00e0 \u00eatre mises en oeuvre\u00a0\u00bb, a affirm\u00e9 dimanche la ministre de la Culture Rachida Dati, sans donner plus de pr\u00e9cisions. Sollicit\u00e9 par l\u2019AFP, Le Louvre n\u2019a pas fait de commentaires.<\/p>\n<p>\u00ab\u00a0On ne peut pas se passer de la surveillance physique\u00a0\u00bb<\/p>\n<p class=\" wall-content\">Selon certaines organisations syndicales, la s\u00e9curisation du mus\u00e9e a \u00e9t\u00e9 mise \u00e0 mal par des r\u00e9ductions de personnels au cours des r\u00e9centes ann\u00e9es, alors m\u00eame que la fr\u00e9quentation du mus\u00e9e explosait.<\/p>\n<p class=\" wall-content\">Sous couvert de l\u2019anonymat, une source syndicale affirme ainsi que 200 \u00e9quivalents temps-plein ont \u00e9t\u00e9 supprim\u00e9s au mus\u00e9e au cours des 15 derni\u00e8res ann\u00e9es, notamment sur des postes de s\u00e9curit\u00e9, sur des effectifs globaux de pr\u00e8s de 2 000 salari\u00e9s.<br \/>\u00ab\u00a0On ne peut pas se passer de la surveillance physique\u00a0\u00bb, affirme cette source.<\/p>\n<p class=\" wall-content\">Dans un communiqu\u00e9, le syndicat minoritaire Sud a lui aussi point\u00e9 du doigt dimanche \u00ab\u00a0la \u00a0destruction des emplois d\u00e9di\u00e9s \u00e0 la s\u00e9curit\u00e9\u00a0\u00bb au Louvre. Mi-juin, des agents du mus\u00e9e avaient d\u00e9bray\u00e9 quelques heures pour d\u00e9noncer des probl\u00e8mes de \u00ab\u00a0sous-effectif\u00a0\u00bb les emp\u00eachant de mener \u00e0 bien leurs missions.<\/p>\n<p>Votre r\u00e9gion, votre actu !<\/p>\n<p>Recevez chaque jour les infos qui comptent pour vous.<\/p>\n<p>\t<a href=\"https:\/\/actu.fr\/newsletter\" class=\"ac-btn ac-btn--corner ac-btn--medium ac-btn--blue800\" target=\"_blank\" rel=\"noopener\">S&rsquo;incrire<\/a><\/p>\n<p class=\" wall-content\">Adjoint \u00e9cologiste \u00e0 la mairie de Paris, David Belliard a rappel\u00e9 ce pr\u00e9c\u00e9dent\u00a0pour mettre en cause les autorit\u00e9s dimanche.<br \/>\u00ab\u00a0Ce braquage arrive quelques mois apr\u00e8s que les salari\u00e9s du mus\u00e9e aient alert\u00e9 sur les failles de s\u00e9curit\u00e9. Pourquoi ont-ils \u00e9t\u00e9 m\u00e9pris\u00e9s par la direction du mus\u00e9e et par le minist\u00e8re ?\u00a0\u00bb, a-t-il \u00e9crit sur X.<\/p>\n<p>Un projet de r\u00e9novation colossal<\/p>\n<p class=\" wall-content\">La s\u00e9curisation du Louvre, encore plus avec le cambriolage de dimanche, devrait \u00e0 nouveau \u00eatre au coeur des d\u00e9bats autour du vaste projet d\u2019extension du mus\u00e9e parisien, annonc\u00e9 fin janvier par <a href=\"https:\/\/actu.fr\/ile-de-france\/paris_75056\/nouvelle-grande-entree-joconde-deplacee-les-principales-annonces-d-emmanuel-macron-sur-le-musee-du-louvre_62178781.html\" target=\"_blank\" rel=\"noopener\">Emmanuel Macron<\/a>.<\/p>\n<p class=\" wall-content\">R\u00e9agissant \u00e0 l\u2019\u00e9tat des lieux alarmant sur la <a href=\"https:\/\/actu.fr\/ile-de-france\/paris_75056\/le-louvre-musee-le-plus-visite-du-monde-dans-un-etat-de-degradation-severe-alerte-sa-presidente_62155574.html\" target=\"_blank\" rel=\"noopener\">v\u00e9tust\u00e9 du Louvre<\/a> dress\u00e9 par sa pr\u00e9sidente, le chef de l\u2019Etat avait annonc\u00e9 un projet de r\u00e9novation colossal, dont le co\u00fbt est \u00e9valu\u00e9 \u00e0 environ 700 \u00e0 800 millions d\u2019euros sur une dizaine d\u2019ann\u00e9es.<\/p>\n<p class=\" wall-content\">Baptis\u00e9 \u00ab\u00a0Nouvelle Renaissance du Louvre\u00a0\u00bb, il pr\u00e9voit d\u2019ici 2031 une nouvelle entr\u00e9e pour d\u00e9congestionner la pyramide de verre, une salle d\u2019exposition d\u00e9di\u00e9e \u00e0 la Joconde, ainsi qu\u2019un billet d\u2019entr\u00e9e plus cher pour les visiteurs non europ\u00e9ens, avec, \u00e0 terme, un objectif de 12 millions de visiteurs annuels contre environ 9 actuellement.<\/p>\n<p class=\" wall-content\">\u00ab\u00a0Des mesures de s\u00e9curisation sont int\u00e9gr\u00e9es dans le nouveau grand projet du mus\u00e9e du Louvre\u00a0\u00bb, a assur\u00e9 dimanche Mme Dati, \u00e9voquant un nouveau \u00ab\u00a0sch\u00e9ma directeur de la s\u00e9curit\u00e9\u00a0\u00bb.<\/p>\n<p class=\" wall-content\">La source syndicale interrog\u00e9e par l\u2019AFP ne doute pas que le budget de la s\u00e9curit\u00e9 sera r\u00e9\u00e9valu\u00e9 mais se demande si les montants \u00ab\u00a0seront \u00e0 la hauteur de la protection requise par notre \u00e9tablissement\u00a0\u00bb. \u00a0<\/p>\n<p class=\" wall-content\"><strong>AFP<\/strong><\/p>\n<p class=\" wall-content\">Personnalisez votre actualit\u00e9 en ajoutant vos villes et m\u00e9dias en favori avec <a href=\"https:\/\/moncompte.actu.fr\" title=\"D\u00e9couvez Mon Actu\" rel=\"nofollow noopener\" data-trk=\"{&quot;cta&quot;:{&quot;action&quot;:&quot;https:\\\/\\\/moncompte.actu.fr&quot;,&quot;category&quot;:&quot;mon compte&quot;,&quot;from&quot;:&quot;article footer&quot;,&quot;name&quot;:&quot;Mon actu&quot;,&quot;type&quot;:&quot;cta&quot;}}\" target=\"_blank\">Mon Actu<\/a>.<\/p>\n","protected":false},"excerpt":{"rendered":"Par Thomas Martin Publi\u00e9 le 19 oct. 2025 \u00e0 18h19 Comment prot\u00e9ger un tr\u00e9sor aussi vaste que vuln\u00e9rable&hellip;\n","protected":false},"author":2,"featured_media":475210,"comment_status":"","ping_status":"","sticky":false,"template":"","format":"standard","meta":{"footnotes":""},"categories":[1888],"tags":[1111,1928,11,1927,1174,1777,674,118,1011,27,11274,3094,12,1926,626,1925,25],"class_list":{"0":"post-475209","1":"post","2":"type-post","3":"status-publish","4":"format-standard","5":"has-post-thumbnail","7":"category-paris","8":"tag-actu","9":"tag-actu-paris","10":"tag-actualites","11":"tag-actualites-paris","12":"tag-cambriolage","13":"tag-eu","14":"tag-europe","15":"tag-faits-divers","16":"tag-fr","17":"tag-france","18":"tag-louvre","19":"tag-musee-du-louvre","20":"tag-news","21":"tag-news-paris","22":"tag-paris","23":"tag-paris-news","24":"tag-republique-francaise"},"share_on_mastodon":{"url":"https:\/\/pubeurope.com\/@fr\/115402007120460584","error":""},"_links":{"self":[{"href":"https:\/\/www.europesays.com\/fr\/wp-json\/wp\/v2\/posts\/475209","targetHints":{"allow":["GET"]}}],"collection":[{"href":"https:\/\/www.europesays.com\/fr\/wp-json\/wp\/v2\/posts"}],"about":[{"href":"https:\/\/www.europesays.com\/fr\/wp-json\/wp\/v2\/types\/post"}],"author":[{"embeddable":true,"href":"https:\/\/www.europesays.com\/fr\/wp-json\/wp\/v2\/users\/2"}],"replies":[{"embeddable":true,"href":"https:\/\/www.europesays.com\/fr\/wp-json\/wp\/v2\/comments?post=475209"}],"version-history":[{"count":0,"href":"https:\/\/www.europesays.com\/fr\/wp-json\/wp\/v2\/posts\/475209\/revisions"}],"wp:featuredmedia":[{"embeddable":true,"href":"https:\/\/www.europesays.com\/fr\/wp-json\/wp\/v2\/media\/475210"}],"wp:attachment":[{"href":"https:\/\/www.europesays.com\/fr\/wp-json\/wp\/v2\/media?parent=475209"}],"wp:term":[{"taxonomy":"category","embeddable":true,"href":"https:\/\/www.europesays.com\/fr\/wp-json\/wp\/v2\/categories?post=475209"},{"taxonomy":"post_tag","embeddable":true,"href":"https:\/\/www.europesays.com\/fr\/wp-json\/wp\/v2\/tags?post=475209"}],"curies":[{"name":"wp","href":"https:\/\/api.w.org\/{rel}","templated":true}]}}