{"id":475217,"date":"2025-10-19T17:30:13","date_gmt":"2025-10-19T17:30:13","guid":{"rendered":"https:\/\/www.europesays.com\/fr\/475217\/"},"modified":"2025-10-19T17:30:13","modified_gmt":"2025-10-19T17:30:13","slug":"zelensky-appelle-ses-allies-a-renoncer-a-toute-politique-dapaisement-envers-la-russie","status":"publish","type":"post","link":"https:\/\/www.europesays.com\/fr\/475217\/","title":{"rendered":"Zelensky appelle ses alli\u00e9s \u00e0 renoncer \u00e0 toute politique d\u2019apaisement envers la Russie"},"content":{"rendered":"<p>Vous avez rat\u00e9 les derniers \u00e9v\u00e9nements sur la <a href=\"https:\/\/www.20minutes.fr\/monde\/ukraine\/\" class=\"c-link c-link--is-underlined\" target=\"_blank\" rel=\"noopener\">guerre en Ukraine<\/a>\u00a0? 20 Minutes fait le point pour vous tous les soirs. Voici l\u2019essentiel de ce dimanche 19\u00a0octobre, 1.334e jour du conflit.<\/p>\n<p>Le fait du jour<\/p>\n<p><a href=\"https:\/\/www.20minutes.fr\/monde\/volodymyr-zelensky\/\" target=\"_blank\" class=\"c-link c-link--is-underlined\" rel=\"noopener\">Volodymyr Zelensky<\/a> a exhort\u00e9 ce dimanche ses alli\u00e9s <a href=\"https:\/\/www.20minutes.fr\/monde\/ukraine\/4180202-20251019-guerre-ukraine-volodymyr-zelensky-presse-allies-prendre-mesures-decisives\" target=\"_blank\" class=\"c-link c-link--is-underlined\" rel=\"noopener\">\u00e0 renoncer \u00e0 toute politique d\u2019apaisement<\/a> envers la <a href=\"https:\/\/www.20minutes.fr\/monde\/russie\/\" target=\"_blank\" class=\"c-link c-link--is-underlined\" rel=\"noopener\">Russie<\/a>, au retour d\u2019une visite \u00e0 <a href=\"https:\/\/www.20minutes.fr\/dossier\/washington\" target=\"_blank\" class=\"c-link c-link--is-underlined\" rel=\"noopener\">Washington<\/a> o\u00f9 il n\u2019est pas parvenu \u00e0 obtenir des missiles Tomahawk. \u00ab\u00a0L\u2019Ukraine ne conc\u00e9dera jamais aux terroristes aucune r\u00e9compense pour leurs crimes, et nous comptons sur nos partenaires pour maintenir cette position\u00a0\u00bb, a \u00e9crit le pr\u00e9sident ukrainien sur Telegram, appelant ses alli\u00e9s europ\u00e9ens et am\u00e9ricain \u00e0 prendre des \u00ab\u00a0mesures d\u00e9cisives\u00a0\u00bb.<\/p>\n<\/p>\n<p>Le dirigeant a par ailleurs appel\u00e9 ce dimanche \u00e0 une r\u00e9union \u00ab\u00a0dans un avenir proche\u00a0\u00bb de la coalition des volontaires, un groupe de pays principalement europ\u00e9ens engag\u00e9s dans l\u2019aide \u00e0 l\u2019Ukraine. \u00ab\u00a0Nous avons besoin de positions communes fortes en <a href=\"https:\/\/www.20minutes.fr\/dossier\/europe\" target=\"_blank\" class=\"c-link c-link--is-underlined\" rel=\"noopener\">Europe<\/a>\u00a0\u00bb, a-t-il plaid\u00e9.<\/p>\n<p>Le chiffre du jour<\/p>\n<p>3.270. C\u2019est le nombre de drones d\u2019attaque utilis\u00e9s par la Russie cette semaine, d\u2019apr\u00e8s le pr\u00e9sident Volodymyr Zelensky. Selon lui, 1.370 bombes guid\u00e9es a\u00e9riennes et pr\u00e8s de 50 missiles de types diff\u00e9rents ont \u00e9t\u00e9 lanc\u00e9s contre l\u2019Ukraine sur la m\u00eame p\u00e9riode.<\/p>\n<p>La tendance<\/p>\n<p>Alors que l\u2019arm\u00e9e russe a affirm\u00e9 ce dimanche avoir pris deux villages dans les r\u00e9gions ukrainiennes de Donetsk et de Zaporijjia, deux personnes ont \u00e9t\u00e9 tu\u00e9es ce dimanche dans plusieurs <a href=\"https:\/\/www.20minutes.fr\/dossier\/frappes_aeriennes\" target=\"_blank\" class=\"c-link c-link--is-underlined\" rel=\"noopener\">frappes<\/a> russes dans l\u2019est et le centre de l\u2019Ukraine, selon les autorit\u00e9s locales. Plus d\u2019une dizaine d\u2019autres ont \u00e9galement \u00e9t\u00e9 bless\u00e9es.<\/p>\n<p><a href=\"https:\/\/www.20minutes.fr\/monde\/ukraine\/\" target=\"_blank\" class=\"c-link c-btn c-btn--primary\" rel=\"noopener\">Notre dossier sur la guerre en Ukraine<\/a><\/p>\n<p>De son c\u00f4t\u00e9, l\u2019Ukraine frappe r\u00e9guli\u00e8rement des raffineries de <a href=\"https:\/\/www.20minutes.fr\/dossier\/petrole\" target=\"_blank\" class=\"c-link c-link--is-underlined\" rel=\"noopener\">p\u00e9trole<\/a> et d\u2019autres sites \u00e9nerg\u00e9tiques en Russie. Ce dimanche, une frappe de drone ukrainienne a contraint une usine du g\u00e9ant gazier russe Gazprom, situ\u00e9e dans la r\u00e9gion d\u2019Orenbourg, \u00e0 cesser le raffinage provenant d\u2019un grand gisement voisin au Kazakhstan, ont annonc\u00e9 les autorit\u00e9s kazakhes. Des compagnies occidentales telles que <a href=\"https:\/\/www.20minutes.fr\/dossier\/shell\" target=\"_blank\" class=\"c-link c-link--is-underlined\" rel=\"noopener\">Shell<\/a>, Eni et Chevron d\u00e9tiennent une participation majoritaire dans ce gisement de Karachaganak, dont le <a href=\"https:\/\/www.20minutes.fr\/dossier\/gaz\" target=\"_blank\" class=\"c-link c-link--is-underlined\" rel=\"noopener\">gaz<\/a> est principalement raffin\u00e9 en Russie.<\/p>\n","protected":false},"excerpt":{"rendered":"Vous avez rat\u00e9 les derniers \u00e9v\u00e9nements sur la guerre en Ukraine\u00a0? 20 Minutes fait le point pour vous&hellip;\n","protected":false},"author":2,"featured_media":475218,"comment_status":"","ping_status":"","sticky":false,"template":"","format":"standard","meta":{"footnotes":""},"categories":[1591],"tags":[47,11,75,73,674,1887,33159,843,131,74,1916,12,1885,1886,132,135,134,2744],"class_list":{"0":"post-475217","1":"post","2":"type-post","3":"status-publish","4":"format-standard","5":"has-post-thumbnail","7":"category-russie","8":"tag-actualite","9":"tag-actualites","10":"tag-donald-trump","11":"tag-etats-unis","12":"tag-europe","13":"tag-federation-de-russie","14":"tag-frappes-aeriennes","15":"tag-gaz","16":"tag-guerre-en-ukraine","17":"tag-monde","18":"tag-moscou","19":"tag-news","20":"tag-russia","21":"tag-russian-federation","22":"tag-russie","23":"tag-vladimir-poutine","24":"tag-volodymyr-zelensky","25":"tag-washington"},"share_on_mastodon":{"url":"https:\/\/pubeurope.com\/@fr\/115402022874573470","error":""},"_links":{"self":[{"href":"https:\/\/www.europesays.com\/fr\/wp-json\/wp\/v2\/posts\/475217","targetHints":{"allow":["GET"]}}],"collection":[{"href":"https:\/\/www.europesays.com\/fr\/wp-json\/wp\/v2\/posts"}],"about":[{"href":"https:\/\/www.europesays.com\/fr\/wp-json\/wp\/v2\/types\/post"}],"author":[{"embeddable":true,"href":"https:\/\/www.europesays.com\/fr\/wp-json\/wp\/v2\/users\/2"}],"replies":[{"embeddable":true,"href":"https:\/\/www.europesays.com\/fr\/wp-json\/wp\/v2\/comments?post=475217"}],"version-history":[{"count":0,"href":"https:\/\/www.europesays.com\/fr\/wp-json\/wp\/v2\/posts\/475217\/revisions"}],"wp:featuredmedia":[{"embeddable":true,"href":"https:\/\/www.europesays.com\/fr\/wp-json\/wp\/v2\/media\/475218"}],"wp:attachment":[{"href":"https:\/\/www.europesays.com\/fr\/wp-json\/wp\/v2\/media?parent=475217"}],"wp:term":[{"taxonomy":"category","embeddable":true,"href":"https:\/\/www.europesays.com\/fr\/wp-json\/wp\/v2\/categories?post=475217"},{"taxonomy":"post_tag","embeddable":true,"href":"https:\/\/www.europesays.com\/fr\/wp-json\/wp\/v2\/tags?post=475217"}],"curies":[{"name":"wp","href":"https:\/\/api.w.org\/{rel}","templated":true}]}}