{"id":475219,"date":"2025-10-19T17:31:13","date_gmt":"2025-10-19T17:31:13","guid":{"rendered":"https:\/\/www.europesays.com\/fr\/475219\/"},"modified":"2025-10-19T17:31:13","modified_gmt":"2025-10-19T17:31:13","slug":"guerre-en-ukraine-donald-trump-et-vladimir-poutine-evoquent-des-echanges-de-territoires","status":"publish","type":"post","link":"https:\/\/www.europesays.com\/fr\/475219\/","title":{"rendered":"Guerre en Ukraine : Donald Trump et Vladimir Poutine \u00e9voquent des \u00e9changes de territoires"},"content":{"rendered":"<p>Il peut bien se targuer d\u2019avoir \u00ab\u00a0obtenu\u00a0\u00bb plusieurs paix, aucune d\u2019entre elles ne saurait exister par la force. En Ukraine, envahie depuis f\u00e9vrier 2022 par l\u2019arm\u00e9e russe, Donald Trump prouve encore qu\u2019il veut trancher dans le vif \u2013 et dans le territoire. Il reprend pour cela la hache de Vladimir Poutine, puisque, lors d\u2019un appel de plus de deux heures entre les pr\u00e9sidents \u00e9tats-unien et russe, jeudi, ce dernier aurait demand\u00e9 l\u2019oblast de Donetsk comme condition pr\u00e9alable de la paix. &#8230;<\/p>\n","protected":false},"excerpt":{"rendered":"Il peut bien se targuer d\u2019avoir \u00ab\u00a0obtenu\u00a0\u00bb plusieurs paix, aucune d\u2019entre elles ne saurait exister par la force.&hellip;\n","protected":false},"author":2,"featured_media":475220,"comment_status":"","ping_status":"","sticky":false,"template":"","format":"standard","meta":{"footnotes":""},"categories":[1590],"tags":[11,75,1777,674,131,12,220,135],"class_list":{"0":"post-475219","1":"post","2":"type-post","3":"status-publish","4":"format-standard","5":"has-post-thumbnail","7":"category-ukraine","8":"tag-actualites","9":"tag-donald-trump","10":"tag-eu","11":"tag-europe","12":"tag-guerre-en-ukraine","13":"tag-news","14":"tag-ukraine","15":"tag-vladimir-poutine"},"share_on_mastodon":{"url":"https:\/\/pubeurope.com\/@fr\/115402026861507534","error":""},"_links":{"self":[{"href":"https:\/\/www.europesays.com\/fr\/wp-json\/wp\/v2\/posts\/475219","targetHints":{"allow":["GET"]}}],"collection":[{"href":"https:\/\/www.europesays.com\/fr\/wp-json\/wp\/v2\/posts"}],"about":[{"href":"https:\/\/www.europesays.com\/fr\/wp-json\/wp\/v2\/types\/post"}],"author":[{"embeddable":true,"href":"https:\/\/www.europesays.com\/fr\/wp-json\/wp\/v2\/users\/2"}],"replies":[{"embeddable":true,"href":"https:\/\/www.europesays.com\/fr\/wp-json\/wp\/v2\/comments?post=475219"}],"version-history":[{"count":0,"href":"https:\/\/www.europesays.com\/fr\/wp-json\/wp\/v2\/posts\/475219\/revisions"}],"wp:featuredmedia":[{"embeddable":true,"href":"https:\/\/www.europesays.com\/fr\/wp-json\/wp\/v2\/media\/475220"}],"wp:attachment":[{"href":"https:\/\/www.europesays.com\/fr\/wp-json\/wp\/v2\/media?parent=475219"}],"wp:term":[{"taxonomy":"category","embeddable":true,"href":"https:\/\/www.europesays.com\/fr\/wp-json\/wp\/v2\/categories?post=475219"},{"taxonomy":"post_tag","embeddable":true,"href":"https:\/\/www.europesays.com\/fr\/wp-json\/wp\/v2\/tags?post=475219"}],"curies":[{"name":"wp","href":"https:\/\/api.w.org\/{rel}","templated":true}]}}