{"id":475223,"date":"2025-10-19T17:33:11","date_gmt":"2025-10-19T17:33:11","guid":{"rendered":"https:\/\/www.europesays.com\/fr\/475223\/"},"modified":"2025-10-19T17:33:11","modified_gmt":"2025-10-19T17:33:11","slug":"le-prince-andrew-sous-le-coup-de-nouvelles-accusations","status":"publish","type":"post","link":"https:\/\/www.europesays.com\/fr\/475223\/","title":{"rendered":"le prince Andrew sous le coup de nouvelles accusations"},"content":{"rendered":"\n<p>Les r\u00e9v\u00e9lations compromettantes s\u2019accumulent contre le prince Andrew, d\u00e9j\u00e0 tomb\u00e9 en disgr\u00e2ce \u00e0 cause \u2013 notamment \u2013 des relations qu\u2019il a entretenues avec le financier am\u00e9ricain Jeffrey Epstein, retrouv\u00e9 mort dans sa prison en 2019 avant son proc\u00e8s pour crimes sexuels.<\/p>\n<p>\u00c0 la veille de la publication des M\u00e9moires posthumes de Virginia Giuffre, la jeune femme qui l\u2019a accus\u00e9 d\u2019agressions sexuelles alors qu\u2019elle avait 17\u00a0ans, le fils pr\u00e9f\u00e9r\u00e9 de la d\u00e9funte reine Elizabeth a d\u00fb faire savoir, vendredi 17\u00a0octobre, qu\u2019il renon\u00e7ait \u00e0 son titre royal de duc d\u2019York \u201capr\u00e8s une discussion avec le roi\u201d, <a class=\"ithalc\" data-ithal=\"lien_externe\" data-ithalc=\"[nav_article]\" target=\"_blank\" href=\"https:\/\/www.bbc.com\/news\/live\/cvgw31y75ywt\" rel=\"noopener\">rapporte la <strong>BBC<\/strong><\/a><strong>.<\/strong><\/p>\n<p>Des extraits de l\u2019ouvrage de Virginia Giuffre, qui s\u2019est suicid\u00e9e en avril dernier, ont \u00e9t\u00e9 publi\u00e9s plus t\u00f4t cette semaine <a class=\"ithalc\" data-ithal=\"lien_externe\" data-ithalc=\"[nav_article]\" target=\"_blank\" href=\"https:\/\/www.theguardian.com\/us-news\/2025\/oct\/15\/prince-andrew-virginia-giuffre-abuse-epstein-maxwell\" rel=\"noopener\">dans le <strong>Guardian<\/strong><\/a><strong>. <\/strong>Intitul\u00e9 Nobody\u2019s Child, le livre pr\u00e9sente Epstein comme un \u201cma\u00eetre manipulateur\u201d et \u00e9voque les relations sexuelles qu\u2019Andrew aurait eues \u00e0 trois reprises avec elle, notamment chez Ghislaine Maxwell \u00e0 Londres.<\/p>\n<p>L\u2019\u00e9dition dominicale du Daily Mail a publi\u00e9 en outre deux d\u00e9p\u00eaches \u201cexplosives\u201d. La premi\u00e8re affirme qu\u2019\u201cEpstein aurait arrang\u00e9 les choses entre le prince et une deuxi\u00e8me victime d\u2019abus sexuels\u201d. La seconde r\u00e9v\u00e8le qu\u2019\u201cAndrew aurait demand\u00e9 \u00e0 la police de trouver des informations de nature \u00e0 compromettre Virginia Giuffre\u201d.<\/p>\n<p>\u201cUn e-mail explosif obtenu par notre journal r\u00e9v\u00e8le comment Andrew a demand\u00e9 \u00e0 son garde du corps, membre de la police m\u00e9tropolitaine pay\u00e9e par les contribuables, d\u2019enqu\u00eater sur Virginia Giuffre et lui a transmis sa date de naissance et son num\u00e9ro confidentiel de s\u00e9curit\u00e9 sociale\u201d, <a class=\"ithalc\" data-ithal=\"lien_externe\" data-ithalc=\"[nav_article]\" target=\"_blank\" href=\"https:\/\/www.dailymail.co.uk\/news\/royals\/article-15204739\/Prince-Andrews-smear-Virginia-Giuffre-Emails-disgraced-royal-gave-sex-abuse-victims-confidential-social-security-number-Met.html\" rel=\"noopener\">\u00e9crit le <strong>Mail on Sunday<\/strong><\/a><strong>. <\/strong>Une d\u00e9marche qu\u2019Andrew n\u2019a m\u00eame pas cach\u00e9e \u00e0 Ed Perkins, le secr\u00e9taire de presse adjoint de la reine Elizabeth, \u00e0 qui il a envoy\u00e9 un e-mail \u00e9voquant l\u2019existence d\u2019un \u201ccasier judiciaire aux \u00c9tats-Unis\u201d. Une all\u00e9gation totalement diffamatoire, selon la famille de la jeune femme.<\/p>\n<p>               <strong>Un accord pour \u201cb\u00e2illonner\u201d Virginia Giuffre<\/strong>       <\/p>\n<p>Cet e-mail a r\u00e9v\u00e9l\u00e9 une \u201cligne de faille\u201d fondamentale dans la d\u00e9fense d\u2019Andrew et s\u2019est av\u00e9r\u00e9 \u00eatre un \u201cpoint de basculement\u201d pour le roi, selon des sources du palais. \u201cLa r\u00e9v\u00e9lation que le prince avait menti au public pr\u00e9sentait un risque s\u00e9rieux pour la r\u00e9putation de la monarchie et\u00a0le roi a d\u00e9cid\u00e9 d\u2019agir personnellement\u201d, <a class=\"ithalc\" data-ithal=\"lien_externe\" data-ithalc=\"[nav_article]\" target=\"_blank\" href=\"https:\/\/www.telegraph.co.uk\/royal-family\/2025\/10\/18\/prince-andrew-tried-to-dig-up-dirt-on-giuffre\/\" rel=\"noopener\">r\u00e9sume le <strong>Sunday Telegraph<\/strong><\/a><strong>.<\/strong><\/p>\n<p>Andrew a toujours ni\u00e9 les accusations de Virginia Giuffre, mais en f\u00e9vrier 2022\u00a0il a pass\u00e9 avec elle un accord \u00e0 l\u2019amiable, rappelle The Telegraph. Dans le cadre de cet accord, elle s\u2019engageait \u00e0 ne pas r\u00e9it\u00e9rer ses accusations pendant un an afin d\u2019\u00e9viter de ternir le jubil\u00e9 de platine de la reine \u00c9lisabeth\u00a0II. \u201cLe prince Andrew a b\u00e2illonn\u00e9 Virginia Giuffre pour \u00e9viter de g\u00e2cher le jubil\u00e9 de la reine\u201d, titre le quotidien.<\/p>\n<p>\u00c0 la suite de ces nouvelles r\u00e9v\u00e9lations, Rachael Maskell, d\u00e9put\u00e9e de la circonscription de York Central, a demand\u00e9 \u00e0 la famille royale de faire toute la lumi\u00e8re sur l\u2019origine des 12\u00a0millions de livres sterling (13,8\u00a0millions d\u2019euros) qu\u2019Andrew a vers\u00e9s \u00e0 Virginia Giuffre <a href=\"https:\/\/www.courrierinternational.com\/article\/justice-accuse-dagression-sexuelle-le-prince-andrew-conclut-un-accord-lamiable\" target=\"_blank\" rel=\"noopener\">pour \u00e9viter un proc\u00e8s au civil \u00e0 New York<\/a>, <a class=\"ithalc\" data-ithal=\"lien_externe\" data-ithalc=\"[nav_article]\" target=\"_blank\" href=\"https:\/\/www.theguardian.com\/uk-news\/2025\/oct\/18\/york-mp-calls-on-royal-family-to-explain-source-of-12m-virginia-giuffre-payment\" rel=\"noopener\">rapporte The Guardian<\/a>. \u201cJe pense que nous avons besoin de plus de clart\u00e9 sur ce sujet. L\u2019honn\u00eatet\u00e9 est primordiale. Virginia Giuffre n\u2019est plus parmi nous, mais elle a de la famille. Il est important que chacun fasse preuve de transparence\u201d, a notamment d\u00e9clar\u00e9 Rachael Maskell.<\/p>\n","protected":false},"excerpt":{"rendered":"Les r\u00e9v\u00e9lations compromettantes s\u2019accumulent contre le prince Andrew, d\u00e9j\u00e0 tomb\u00e9 en disgr\u00e2ce \u00e0 cause \u2013 notamment \u2013 des&hellip;\n","protected":false},"author":2,"featured_media":475224,"comment_status":"","ping_status":"","sticky":false,"template":"","format":"standard","meta":{"footnotes":""},"categories":[1588],"tags":[11,1777,674,545,28790,12,473,1853,1857,1851,1850,1852],"class_list":{"0":"post-475223","1":"post","2":"type-post","3":"status-publish","4":"format-standard","5":"has-post-thumbnail","7":"category-royaume-uni","8":"tag-actualites","9":"tag-eu","10":"tag-europe","11":"tag-famille-royale-britannique","12":"tag-jeffrey-epstein","13":"tag-news","14":"tag-royaume-uni","15":"tag-royaume-uni-de-grande-bretagne-et-dirlande-du-nord","16":"tag-sociu00e9tu00e9","17":"tag-uk","18":"tag-united-kingdom","19":"tag-united-kingdom-of-great-britain-and-northern-ireland"},"share_on_mastodon":{"url":"https:\/\/pubeurope.com\/@fr\/115402034716351076","error":""},"_links":{"self":[{"href":"https:\/\/www.europesays.com\/fr\/wp-json\/wp\/v2\/posts\/475223","targetHints":{"allow":["GET"]}}],"collection":[{"href":"https:\/\/www.europesays.com\/fr\/wp-json\/wp\/v2\/posts"}],"about":[{"href":"https:\/\/www.europesays.com\/fr\/wp-json\/wp\/v2\/types\/post"}],"author":[{"embeddable":true,"href":"https:\/\/www.europesays.com\/fr\/wp-json\/wp\/v2\/users\/2"}],"replies":[{"embeddable":true,"href":"https:\/\/www.europesays.com\/fr\/wp-json\/wp\/v2\/comments?post=475223"}],"version-history":[{"count":0,"href":"https:\/\/www.europesays.com\/fr\/wp-json\/wp\/v2\/posts\/475223\/revisions"}],"wp:featuredmedia":[{"embeddable":true,"href":"https:\/\/www.europesays.com\/fr\/wp-json\/wp\/v2\/media\/475224"}],"wp:attachment":[{"href":"https:\/\/www.europesays.com\/fr\/wp-json\/wp\/v2\/media?parent=475223"}],"wp:term":[{"taxonomy":"category","embeddable":true,"href":"https:\/\/www.europesays.com\/fr\/wp-json\/wp\/v2\/categories?post=475223"},{"taxonomy":"post_tag","embeddable":true,"href":"https:\/\/www.europesays.com\/fr\/wp-json\/wp\/v2\/tags?post=475223"}],"curies":[{"name":"wp","href":"https:\/\/api.w.org\/{rel}","templated":true}]}}