{"id":475225,"date":"2025-10-19T17:34:11","date_gmt":"2025-10-19T17:34:11","guid":{"rendered":"https:\/\/www.europesays.com\/fr\/475225\/"},"modified":"2025-10-19T17:34:11","modified_gmt":"2025-10-19T17:34:11","slug":"allemagne-la-guerre-nest-plus-exclue-du-guide-de-la-protection-civile","status":"publish","type":"post","link":"https:\/\/www.europesays.com\/fr\/475225\/","title":{"rendered":"Allemagne : la guerre n&rsquo;est plus exclue du guide de la protection civile"},"content":{"rendered":"<p>          <img decoding=\"async\" class=\"c-ad__placeholder__logo\" src=\"https:\/\/static.euronews.com\/website\/images\/logos\/logo-euronews-stacked-outlined-72x72-grey-9.svg\" width=\"72\" height=\"72\" alt=\"\" loading=\"lazy\"\/><br \/>\n          PUBLICIT\u00c9<\/p>\n<p>Pour la premi\u00e8re fois en 35 ans, l&rsquo;Office f\u00e9d\u00e9ral de la protection civile et de l&rsquo;aide en cas de catastrophe (BBK) met en garde contre la guerre. Bien que l&rsquo;Allemagne soit l&rsquo;un des pays les plus s\u00fbrs, un nouveau guide de pr\u00e9paration aux crises a \u00e9t\u00e9 publi\u00e9.<\/p>\n<p>L&rsquo;invasion russe de Ukraine a conduit le BBK \u00e0 apporter des modifications concr\u00e8tes au guide, de nombreux citoyens ayany exprim\u00e9 des inqui\u00e9tudes sur le sujet. \u00ab\u00a0Il est toujours avantageux de bien se pr\u00e9parer \u00e0 l&rsquo;avance\u00a0\u00bb, explique Ralph Tiesler, pr\u00e9sident du BBK.<\/p>\n<p>Le nouveau guide <a href=\"https:\/\/www.bbk.bund.de\/SharedDocs\/Downloads\/DE\/Mediathek\/Publikationen\/Buergerinformationen\/Ratgeber\/BBK-Vorsorgen-fuer-Krisen-und-Katastrophen.pdf?%5F%5Fblob=publicationFile&amp;v=39\" target=\"_blank\" rel=\"noreferrer nofollow noopener\">\u00ab\u00a0Se pr\u00e9parer aux crises et aux catastrophes\u00a0\u00bb<\/a> explique, par exemple, comment reconna\u00eetre la d\u00e9sinformation ou encore o\u00f9 chercher refuge en cas d&rsquo;explosion. La gestion des peurs en situations extr\u00eames est \u00e9galement abord\u00e9e.<\/p>\n<p>Catastrophes naturelles, panne technique&#8230; et maintenant la guerre<\/p>\n<p>Depuis le premier guide en 1990, les sc\u00e9narios militaires n&rsquo;\u00e9taient pas mentionn\u00e9s dans ces brochures. L&rsquo;accent \u00e9tait mis sur les catastrophes naturelles, l&rsquo;aide en cas d&rsquo;inondation et les pannes techniques, comme celles survenues en Espagne et au Portugal en avril dernier.<\/p>\n<p>D\u00e9sormais, les menaces hybrides sont \u00e9galement sp\u00e9cifiquement mentionn\u00e9es : cyberattaques sur les infrastructures critiques, strat\u00e9gies de d\u00e9sinformation, sabotage et guerre.<\/p>\n<p>\u00ab\u00a0Nous vivons une situation mondiale qui inqui\u00e8te beaucoup de gens\u00a0\u00bb, explique Ralph Tiesler. \u00ab\u00a0Avec notre nouveau guide, nous souhaitons offrir soutien et orientation l\u00e0 o\u00f9 les gens sont pr\u00e9occup\u00e9s ou ont besoin d&rsquo;informations.\u00a0\u00bb<\/p>\n<p>La mention explicite d&rsquo;une guerre possible est en partie aliment\u00e9e par le d\u00e9bat sur le service militaire obligatoire et l&rsquo;utilisation des drones. Mais le chef du Service f\u00e9d\u00e9ral de renseignement (BND), Martin J\u00e4ger, met \u00e9galement en garde : \u00ab\u00a0Nous sommes d\u00e9j\u00e0 sous pression\u00a0\u00bb. Il ne faut pas baisser la garde, a averti le pr\u00e9sident du BND, qui \u00e9tait encore r\u00e9cemment ambassadeur d&rsquo;Allemagne en Ukraine.<\/p>\n<p>Le nouveau guide de crise du BBK \u00e0 l&rsquo;\u00e9preuve de la pratique<\/p>\n<p>\u00ab\u00a0Chaque foyer devrait \u00eatre pr\u00e9par\u00e9 \u00e0 se d\u00e9brouiller seul pendant trois \u00e0 dix jours\u00a0\u00bb, selon Ralph Tiesler. Mais il est conscient que les conditions ne sont pas les m\u00eames pour toutes les familles, couples ou foyers. \u00ab\u00a0Il est important de dire qu&rsquo;il n&rsquo;y a pas de r\u00e8gles fixes en mati\u00e8re de pr\u00e9paration aux urgences, chacun doit le d\u00e9terminer individuellement.\u00a0\u00bb<\/p>\n<p>Une enqu\u00eate de l&rsquo;agence a \u00e9galement r\u00e9v\u00e9l\u00e9 que 53 % des personnes interrog\u00e9es en Allemagne n&rsquo;avaient pas pris de mesures de pr\u00e9paration sp\u00e9cifiques. \u00ab\u00a0Chaque petit pas dans la pr\u00e9paration est mieux que rien du tout\u00a0\u00bb, estime Ralph Tiesler. \u00ab\u00a0Ces nombreux petits pas permettent de ne pas \u00eatre impuissant face aux crises, mais de pouvoir agir.\u00a0\u00bb<\/p>\n<p>N\u00e9anmoins, le guide tente de poser une base. Avec une liste de contr\u00f4le, les consommateurs peuvent v\u00e9rifier leurs propres stocks et calculer la quantit\u00e9 dont ils auraient besoin.<\/p>\n<p>Pour une famille avec parents et deux enfants souhaitant se pr\u00e9parer de mani\u00e8re optimale, en se basant sur des provisions pour 10 jours, il devient rapidement \u00e9vident que ce n&rsquo;est pas seulement une question de co\u00fbts, mais aussi d&rsquo;espace.<\/p>\n<p>Une application d&rsquo;alerte est \u00e9galement recommand\u00e9e pour obtenir des informations en temps voulu. L&rsquo;agence f\u00e9d\u00e9rale souligne toutefois que l&rsquo;\u00e9lectricit\u00e9 pourrait \u00eatre coup\u00e9e, il serait alors n\u00e9cessaire de trouver des informations par d&rsquo;autres moyens. C&rsquo;est pourquoi une lampe de poche \u00e0 manivelle ou \u00e0 \u00e9nergie solaire, une radio \u00e0 piles ainsi qu&rsquo;un r\u00e9chaud de camping ou \u00e0 alcool sont utiles.<\/p>\n","protected":false},"excerpt":{"rendered":"PUBLICIT\u00c9 Pour la premi\u00e8re fois en 35 ans, l&rsquo;Office f\u00e9d\u00e9ral de la protection civile et de l&rsquo;aide en&hellip;\n","protected":false},"author":2,"featured_media":475226,"comment_status":"","ping_status":"","sticky":false,"template":"","format":"standard","meta":{"footnotes":""},"categories":[1587],"tags":[11,672,1804,4732,1075,1805,1803,1777,674,1801,12,940,1802,656],"class_list":{"0":"post-475225","1":"post","2":"type-post","3":"status-publish","4":"format-standard","5":"has-post-thumbnail","7":"category-allemagne","8":"tag-actualites","9":"tag-allemagne","10":"tag-bundesrepublik-deutschland","11":"tag-catastrophe-naturelle","12":"tag-cybersecurite","13":"tag-de","14":"tag-deutschland","15":"tag-eu","16":"tag-europe","17":"tag-germany","18":"tag-news","19":"tag-population","20":"tag-republique-federale-dallemagne","21":"tag-securite"},"share_on_mastodon":{"url":"https:\/\/pubeurope.com\/@fr\/115402039333006906","error":""},"_links":{"self":[{"href":"https:\/\/www.europesays.com\/fr\/wp-json\/wp\/v2\/posts\/475225","targetHints":{"allow":["GET"]}}],"collection":[{"href":"https:\/\/www.europesays.com\/fr\/wp-json\/wp\/v2\/posts"}],"about":[{"href":"https:\/\/www.europesays.com\/fr\/wp-json\/wp\/v2\/types\/post"}],"author":[{"embeddable":true,"href":"https:\/\/www.europesays.com\/fr\/wp-json\/wp\/v2\/users\/2"}],"replies":[{"embeddable":true,"href":"https:\/\/www.europesays.com\/fr\/wp-json\/wp\/v2\/comments?post=475225"}],"version-history":[{"count":0,"href":"https:\/\/www.europesays.com\/fr\/wp-json\/wp\/v2\/posts\/475225\/revisions"}],"wp:featuredmedia":[{"embeddable":true,"href":"https:\/\/www.europesays.com\/fr\/wp-json\/wp\/v2\/media\/475226"}],"wp:attachment":[{"href":"https:\/\/www.europesays.com\/fr\/wp-json\/wp\/v2\/media?parent=475225"}],"wp:term":[{"taxonomy":"category","embeddable":true,"href":"https:\/\/www.europesays.com\/fr\/wp-json\/wp\/v2\/categories?post=475225"},{"taxonomy":"post_tag","embeddable":true,"href":"https:\/\/www.europesays.com\/fr\/wp-json\/wp\/v2\/tags?post=475225"}],"curies":[{"name":"wp","href":"https:\/\/api.w.org\/{rel}","templated":true}]}}