{"id":475237,"date":"2025-10-19T17:41:09","date_gmt":"2025-10-19T17:41:09","guid":{"rendered":"https:\/\/www.europesays.com\/fr\/475237\/"},"modified":"2025-10-19T17:41:09","modified_gmt":"2025-10-19T17:41:09","slug":"basket-foot-hand-volley-les-resultats-du-week-end-en-bearn-et-soule","status":"publish","type":"post","link":"https:\/\/www.europesays.com\/fr\/475237\/","title":{"rendered":"Basket, foot, hand, volley\u00a0: les r\u00e9sultats du week-end en B\u00e9arn et Soule"},"content":{"rendered":"<p>    La r\u00e9daction vous conseille<\/p>\n<p>Tous <a href=\"https:\/\/www.larepubliquedespyrenees.fr\/sport\/resultats\/\" target=\"_blank\" rel=\"follow nofollow noopener\">les r\u00e9sultats secs et classements, y compris de divisions en dessous<\/a> sont aussi \u00e0 retrouver sur notre site.<\/p>\n<p>Basket<\/p>\n<p><strong>\u00c9lite 2<\/strong><\/p>\n<p>Elan B\u00e9arnais &#8211; Hy\u00e8res Toulon 87 &#8211; 78<\/p>\n<p>    La r\u00e9daction vous conseille<\/p>\n<p>Football<\/p>\n<p><strong>Ligue 2\t\t<\/strong><\/p>\n<p>Grenoble &#8211; Pau 1 &#8211; 1<\/p>\n<p>    La r\u00e9daction vous conseille<\/p>\n<p><strong>National 3<\/strong><\/p>\n<p>Pau FC B &#8211; Blagnac\u00a0: 3 &#8211; 2<\/p>\n<p>    La r\u00e9daction vous conseille<\/p>\n<p><strong>R\u00e9gional 1<\/strong><\/p>\n<p>Asmur &#8211; Stade Bordelais\u00a0: 3-2<\/p>\n<p><strong>Coupe de France F (3e tour)<\/strong><\/p>\n<p>P\u00f4le palois FF &#8211; Bordeaux\u00a0: 0 &#8211; 10<\/p>\n<p>    La r\u00e9daction vous conseille<\/p>\n<p>M\u00e9rignac Arlac &#8211; Pau FC : 0-2 <\/p>\n<p><strong>R\u00e9gional 2<\/strong><\/p>\n<p>Lescar &#8211; Graves 1 &#8211; 0\t\t<\/p>\n<p>    La r\u00e9daction vous conseille<\/p>\n<p><strong>R\u00e9gional 3<\/strong><\/p>\n<p>Esman &#8211; Castets Dorthe\u00a0: 3 -1<\/p>\n<p>Born &#8211; Nay Vath Vielha\u00a0: 2 &#8211; 0<\/p>\n<p>Bleuets &#8211; Targon Soulignac : 3 -2<\/p>\n<p>Cestas (B) &#8211; La Rib\u00e8re : 4 &#8211; 1<\/p>\n<p>Maul\u00e9on &#8211; Chamb\u00e9ry\u00a0: 1 &#8211; 1<\/p>\n<p>Poey &#8211; Le Bouscat (B)\u00a0: 2 &#8211; 3<\/p>\n<p>Juran\u00e7on &#8211; St-Pierre du Mont<\/p>\n<p>Mourenx &#8211; La Br\u00e8de (B)\u00a0: 1 &#8211; 3<\/p>\n<p>B\u00e8gles &#8211; Oloron<\/p>\n<p>FC3A &#8211; St-Paul les Dax (B) :<\/p>\n<p>Portugais Pau &#8211; M\u00e9rignac(B) :0-3<\/p>\n<p>Handball<\/p>\n<p><strong>Nationale 1 masculine<\/strong><\/p>\n<p>Bill\u00e8re HB &#8211; Rodez\u00a0: 28 &#8211; 27<\/p>\n<p>    La r\u00e9daction vous conseille<\/p>\n<p><strong>Nationale 2\u00a0M\t<\/strong>\t<\/p>\n<p>Rez\u00e9 &#8211; Nousty\u00a0: 30 &#8211; 32<\/p>\n<p>    La r\u00e9daction vous conseille<\/p>\n<p>Limoges &#8211; Asson\u00a0: 31 -24<\/p>\n<p>    La r\u00e9daction vous conseille<\/p>\n<p>Tardets &#8211; L\u2019Union\t30 &#8211; 32<\/p>\n<p>    La r\u00e9daction vous conseille<\/p>\n<p><strong>N3M<\/strong>\t\t<\/p>\n<p>Pessac &#8211; Orthez\u00a0: 29 &#8211; 27<\/p>\n<p>    La r\u00e9daction vous conseille<\/p>\n<p>Volley-ball<\/p>\n<p><strong>Nationale 2 masculine<\/strong><\/p>\n<p>Lescar &#8211; Talence\u00a0: 0 &#8211; 3<\/p>\n<p><strong>Nationale 3 f\u00e9minine<\/strong><\/p>\n<p>    La r\u00e9daction vous conseille<\/p>\n<p>    La r\u00e9daction vous conseille<\/p>\n<p>    La r\u00e9daction vous conseille<\/p>\n<p>Fleurs de Pau &#8211; Balma Fonsegrives\u00a0: 3 &#8211; 1<\/p>\n","protected":false},"excerpt":{"rendered":"La r\u00e9daction vous conseille Tous les r\u00e9sultats secs et classements, y compris de divisions en dessous sont aussi&hellip;\n","protected":false},"author":2,"featured_media":475238,"comment_status":"","ping_status":"","sticky":false,"template":"","format":"standard","meta":{"footnotes":""},"categories":[1417],"tags":[1011,27,60,1470,1469],"class_list":{"0":"post-475237","1":"post","2":"type-post","3":"status-publish","4":"format-standard","5":"has-post-thumbnail","7":"category-volley","8":"tag-fr","9":"tag-france","10":"tag-sports","11":"tag-volley","12":"tag-volleyball"},"share_on_mastodon":{"url":"https:\/\/pubeurope.com\/@fr\/115402066144821548","error":""},"_links":{"self":[{"href":"https:\/\/www.europesays.com\/fr\/wp-json\/wp\/v2\/posts\/475237","targetHints":{"allow":["GET"]}}],"collection":[{"href":"https:\/\/www.europesays.com\/fr\/wp-json\/wp\/v2\/posts"}],"about":[{"href":"https:\/\/www.europesays.com\/fr\/wp-json\/wp\/v2\/types\/post"}],"author":[{"embeddable":true,"href":"https:\/\/www.europesays.com\/fr\/wp-json\/wp\/v2\/users\/2"}],"replies":[{"embeddable":true,"href":"https:\/\/www.europesays.com\/fr\/wp-json\/wp\/v2\/comments?post=475237"}],"version-history":[{"count":0,"href":"https:\/\/www.europesays.com\/fr\/wp-json\/wp\/v2\/posts\/475237\/revisions"}],"wp:featuredmedia":[{"embeddable":true,"href":"https:\/\/www.europesays.com\/fr\/wp-json\/wp\/v2\/media\/475238"}],"wp:attachment":[{"href":"https:\/\/www.europesays.com\/fr\/wp-json\/wp\/v2\/media?parent=475237"}],"wp:term":[{"taxonomy":"category","embeddable":true,"href":"https:\/\/www.europesays.com\/fr\/wp-json\/wp\/v2\/categories?post=475237"},{"taxonomy":"post_tag","embeddable":true,"href":"https:\/\/www.europesays.com\/fr\/wp-json\/wp\/v2\/tags?post=475237"}],"curies":[{"name":"wp","href":"https:\/\/api.w.org\/{rel}","templated":true}]}}