{"id":475248,"date":"2025-10-19T17:48:11","date_gmt":"2025-10-19T17:48:11","guid":{"rendered":"https:\/\/www.europesays.com\/fr\/475248\/"},"modified":"2025-10-19T17:48:11","modified_gmt":"2025-10-19T17:48:11","slug":"psg-un-renfort-de-poids-debarque-pour-luis-enrique","status":"publish","type":"post","link":"https:\/\/www.europesays.com\/fr\/475248\/","title":{"rendered":"PSG, un renfort de poids d\u00e9barque pour Luis Enrique"},"content":{"rendered":"<p data-testid=\"article-teaser\">A deux jours du choc contre le Bayer Leverkusen en Ligue des Champions, le PSG enregistre un gros renfort dans son groupe. <\/p>\n<p>Apr\u00e8s plusieurs semaines d\u2019absence, le Paris Saint-Germain retrouve enfin l\u2019un de ses \u00e9l\u00e9ments les plus explosifs. <a href=\"https:\/\/www.goal.com\/fr\/listes\/equipe-de-france-le-verdict-est-tombe-pour-ousmane-dembele\/bltd9188449847a503a\" target=\"_self\" rel=\"nofollow noopener\">Ousmane Demb\u00e9l\u00e9, \u00e9loign\u00e9 des terrains depuis sa blessure contract\u00e9e lors du match entre l\u2019Ukraine et la France le 5 septembre dernier,<\/a> s\u2019appr\u00eate \u00e0 faire son grand retour. Un retour attendu, \u00e0 la fois par Luis Enrique et par les supporters parisiens, tant son absence avait pes\u00e9 sur les performances offensives du club de la capitale.<\/p>\n<p>Ousmane Demb\u00e9l\u00e9 op\u00e9rationnel pour Leverkusen &#8211; PSG \u00a0\u00a0\u00a0\u00a0<\/p>\n<p>Selon Le Parisien, Ousmane Demb\u00e9l\u00e9 fera partie du groupe parisien pour le d\u00e9placement du PSG sur la pelouse du Bayer Leverkusen, mardi, en Ligue des Champions. Enti\u00e8rement remis,<a href=\"https:\/\/www.goal.com\/fr\/news\/officiel-ousmane-dembele-sacre-ballon-d-or-2025\/blt7183f55327a38171\" target=\"_self\" rel=\"nofollow noopener\">\u00a0le nouvel \u00e9lu au Ballon d\u2019Or de 28 ans<\/a> devrait toutefois d\u00e9buter sur le banc, avant une probable entr\u00e9e en jeu.\u00a0<\/p>\n<p>Une r\u00e9int\u00e9gration progressive donc, mais qui constitue un v\u00e9ritable soulagement pour Luis Enrique, d\u00e9sireux de retrouver un secteur offensif complet. Le retour d\u2019Ousmane Demb\u00e9l\u00e9 repr\u00e9sente un atout majeur dans la qu\u00eate europ\u00e9enne du PSG, \u00e0 la veille d\u2019un choc d\u00e9cisif sur la sc\u00e8ne continentale.<\/p>\n","protected":false},"excerpt":{"rendered":"A deux jours du choc contre le Bayer Leverkusen en Ligue des Champions, le PSG enregistre un gros&hellip;\n","protected":false},"author":2,"featured_media":475249,"comment_status":"","ping_status":"","sticky":false,"template":"","format":"standard","meta":{"footnotes":""},"categories":[1410],"tags":[11005,59864,448,63,1011,27,447,921,46055,2782,91,60],"class_list":{"0":"post-475248","1":"post","2":"type-post","3":"status-publish","4":"format-standard","5":"has-post-thumbnail","7":"category-football","8":"tag-bayer-leverkusen","9":"tag-bayer-leverkusen-vs-paris-saint-germain","10":"tag-champions-league","11":"tag-football","12":"tag-fr","13":"tag-france","14":"tag-ligue-des-champions","15":"tag-luis-enrique","16":"tag-o-dembele","17":"tag-ousmane-dembele","18":"tag-paris-saint-germain","19":"tag-sports"},"share_on_mastodon":{"url":"https:\/\/pubeurope.com\/@fr\/115402093632382356","error":""},"_links":{"self":[{"href":"https:\/\/www.europesays.com\/fr\/wp-json\/wp\/v2\/posts\/475248","targetHints":{"allow":["GET"]}}],"collection":[{"href":"https:\/\/www.europesays.com\/fr\/wp-json\/wp\/v2\/posts"}],"about":[{"href":"https:\/\/www.europesays.com\/fr\/wp-json\/wp\/v2\/types\/post"}],"author":[{"embeddable":true,"href":"https:\/\/www.europesays.com\/fr\/wp-json\/wp\/v2\/users\/2"}],"replies":[{"embeddable":true,"href":"https:\/\/www.europesays.com\/fr\/wp-json\/wp\/v2\/comments?post=475248"}],"version-history":[{"count":0,"href":"https:\/\/www.europesays.com\/fr\/wp-json\/wp\/v2\/posts\/475248\/revisions"}],"wp:featuredmedia":[{"embeddable":true,"href":"https:\/\/www.europesays.com\/fr\/wp-json\/wp\/v2\/media\/475249"}],"wp:attachment":[{"href":"https:\/\/www.europesays.com\/fr\/wp-json\/wp\/v2\/media?parent=475248"}],"wp:term":[{"taxonomy":"category","embeddable":true,"href":"https:\/\/www.europesays.com\/fr\/wp-json\/wp\/v2\/categories?post=475248"},{"taxonomy":"post_tag","embeddable":true,"href":"https:\/\/www.europesays.com\/fr\/wp-json\/wp\/v2\/tags?post=475248"}],"curies":[{"name":"wp","href":"https:\/\/api.w.org\/{rel}","templated":true}]}}