{"id":475250,"date":"2025-10-19T17:49:11","date_gmt":"2025-10-19T17:49:11","guid":{"rendered":"https:\/\/www.europesays.com\/fr\/475250\/"},"modified":"2025-10-19T17:49:11","modified_gmt":"2025-10-19T17:49:11","slug":"lyad-smain-jeune-espoir-de-la-serie-un-si-grand-soleil-est-mort","status":"publish","type":"post","link":"https:\/\/www.europesays.com\/fr\/475250\/","title":{"rendered":"Lyad Smain, jeune espoir de la s\u00e9rie \u00ab Un si grand soleil \u00bb, est mort"},"content":{"rendered":"<p class=\"mb-4 text-lg md:leading-8 break-words\">L\u2019\u00e9motion est immense depuis l\u2019annonce du d\u00e9c\u00e8s de Lyad Smain, survenue \u00e0 la mi-septembre alors qu\u2019il se trouvait au Japon. L\u2019acteur, n\u00e9 \u00e0 N\u00eemes en 1998, avait \u00e9t\u00e9 retrouv\u00e9 sans vie dans sa chambre d\u2019h\u00f4tel \u00e0 Tokyo. Ses parents, qui tentaient de le joindre pour son anniversaire le 17\u00a0septembre dernier, ont appris la terrible nouvelle par l\u2019ambassade de France\u00a0: leur fils \u00e9tait d\u00e9c\u00e9d\u00e9 depuis plusieurs jours. Les circonstances exactes de sa mort n\u2019ont pas encore \u00e9t\u00e9 pr\u00e9cis\u00e9es.<\/p>\n<p class=\"mb-4 text-lg md:leading-8 break-words\">R\u00e9v\u00e9l\u00e9 au grand public dans \u00ab\u00a0Plus belle la vie\u00a0\u00bb, o\u00f9 il incarnait Victor Barazi, un jeune r\u00e9fugi\u00e9 syrien, Lyad Smain avait ensuite rejoint le casting de \u00ab\u00a0Un si grand soleil\u00a0\u00bb sur France 2.\u00a0Il y campait le personnage de Steve Rosas, un \u00e9tudiant brillant, solaire et attachant, qui lui avait valu une reconnaissance imm\u00e9diate aupr\u00e8s du public. Sur le plateau comme en dehors, Lyad \u00e9tait d\u00e9crit comme un jeune homme g\u00e9n\u00e9reux, curieux, passionn\u00e9, toujours pr\u00eat \u00e0 faire rire l\u2019\u00e9quipe entre deux prises.<\/p>\n<p class=\"mb-4 text-lg md:leading-8 break-words\">\u00c0 lire aussi <a href=\"https:\/\/www.parismatch.com\/culture\/medias\/un-si-grand-soleil-les-confidences-fabrice-deville-jaimerais-me-glisser-dans-la-peau-dun-pretre-detraque-244270\" rel=\"nofollow noopener\" target=\"_blank\" data-ylk=\"slk:\u00ab\u00a0Un si grand soleil\u00a0\u00bb, les confidences de Fabrice Deville : \u00abJ\u2019aimerais me glisser dans la peau d\u2019un pr\u00eatre d\u00e9traqu\u00e9\u00bb;elm:context_link;itc:0;sec:content-canvas\" class=\"link \">\u00ab\u00a0Un si grand soleil\u00a0\u00bb, les confidences de Fabrice Deville : \u00abJ\u2019aimerais me glisser dans la peau d\u2019un pr\u00eatre d\u00e9traqu\u00e9\u00bb <\/a><\/p>\n<p class=\"mb-4 text-lg md:leading-8 break-words\">Dans un message publi\u00e9 sur les r\u00e9seaux sociaux, samedi 18\u00a0octobre, la production de la s\u00e9rie lui a rendu hommage\u00a0: \u00ab\u00a0C\u2019est avec une profonde tristesse que nous avons appris le d\u00e9c\u00e8s de Lyad Smain.<br \/>Lyad faisait partie de la grande famille Un si grand soleil, o\u00f9 il incarnait le personnage de Steve. Son talent, sa g\u00e9n\u00e9rosit\u00e9 et son sourire resteront grav\u00e9s dans nos m\u00e9moires &#8230;<\/p>\n<p class=\"mb-4 text-lg md:leading-8 break-words\"><a href=\"https:\/\/www.parismatch.com\/People\/lyad-smain-jeune-espoir-de-la-serie-un-si-grand-soleil-est-mort-258840?at_medium=affiliate&amp;at_campaign=Yahoo\" rel=\"nofollow noopener\" target=\"_blank\" data-ylk=\"slk:Lire la suite sur ParisMatch;elm:context_link;itc:0;sec:content-canvas\" class=\"link \">Lire la suite sur ParisMatch<\/a><\/p>\n","protected":false},"excerpt":{"rendered":"L\u2019\u00e9motion est immense depuis l\u2019annonce du d\u00e9c\u00e8s de Lyad Smain, survenue \u00e0 la mi-septembre alors qu\u2019il se trouvait&hellip;\n","protected":false},"author":2,"featured_media":475251,"comment_status":"","ping_status":"","sticky":false,"template":"","format":"standard","meta":{"footnotes":""},"categories":[1359],"tags":[58,59,1011,27,9790,59865,973,57865,9766,59866],"class_list":{"0":"post-475250","1":"post","2":"type-post","3":"status-publish","4":"format-standard","5":"has-post-thumbnail","7":"category-people","8":"tag-divertissement","9":"tag-entertainment","10":"tag-fr","11":"tag-france","12":"tag-lambassade-de-france","13":"tag-lyad","14":"tag-people","15":"tag-smain","16":"tag-un-si-grand-soleil","17":"tag-victor-barazi"},"share_on_mastodon":{"url":"https:\/\/pubeurope.com\/@fr\/115402097590886021","error":""},"_links":{"self":[{"href":"https:\/\/www.europesays.com\/fr\/wp-json\/wp\/v2\/posts\/475250","targetHints":{"allow":["GET"]}}],"collection":[{"href":"https:\/\/www.europesays.com\/fr\/wp-json\/wp\/v2\/posts"}],"about":[{"href":"https:\/\/www.europesays.com\/fr\/wp-json\/wp\/v2\/types\/post"}],"author":[{"embeddable":true,"href":"https:\/\/www.europesays.com\/fr\/wp-json\/wp\/v2\/users\/2"}],"replies":[{"embeddable":true,"href":"https:\/\/www.europesays.com\/fr\/wp-json\/wp\/v2\/comments?post=475250"}],"version-history":[{"count":0,"href":"https:\/\/www.europesays.com\/fr\/wp-json\/wp\/v2\/posts\/475250\/revisions"}],"wp:featuredmedia":[{"embeddable":true,"href":"https:\/\/www.europesays.com\/fr\/wp-json\/wp\/v2\/media\/475251"}],"wp:attachment":[{"href":"https:\/\/www.europesays.com\/fr\/wp-json\/wp\/v2\/media?parent=475250"}],"wp:term":[{"taxonomy":"category","embeddable":true,"href":"https:\/\/www.europesays.com\/fr\/wp-json\/wp\/v2\/categories?post=475250"},{"taxonomy":"post_tag","embeddable":true,"href":"https:\/\/www.europesays.com\/fr\/wp-json\/wp\/v2\/tags?post=475250"}],"curies":[{"name":"wp","href":"https:\/\/api.w.org\/{rel}","templated":true}]}}