{"id":475254,"date":"2025-10-19T17:51:11","date_gmt":"2025-10-19T17:51:11","guid":{"rendered":"https:\/\/www.europesays.com\/fr\/475254\/"},"modified":"2025-10-19T17:51:11","modified_gmt":"2025-10-19T17:51:11","slug":"un-ouvrage-sorti-en-avril-2025-un-ouvrage-sorti-en-avril-2025","status":"publish","type":"post","link":"https:\/\/www.europesays.com\/fr\/475254\/","title":{"rendered":"Un ouvrage sorti en avril\u00a02025. Un ouvrage sorti en avril\u00a02025"},"content":{"rendered":"<p class=\"insetTitle\">Rep\u00e8re &#8211; Un ouvrage sorti en avril\u00a02025<\/p>\n<p>Le fruit d\u2019une vie de travail. En avril, l\u2019ouvrage\u00a0 Le Lien anatomo-physio-pathologique est sorti, avec, sur la couverture, le sch\u00e9ma de la d\u00e9couverte du kin\u00e9sith\u00e9rapeute Jean-Paul Puissilieux. Le lien qu\u2019il \u00e9tablit entre syst\u00e8me digestif et squelette fait l\u2019objet de 114 pages d\u2019\u00e9criture et de photos.<\/p>\n<p> \u25b6 \u2002Le livre est \u00e0 <a href=\"https:\/\/www.lejsl.com\/culture-loisirs\/2025\/06\/30\/les-conseils-de-lecture-de-la-librairie-de-deux-choses-lune-a-montceau-les-mines\" target=\"_blank\" rel=\"noopener\">De deux choses lune \u00e0 Montceau<\/a> et bient\u00f4t \u00e0 Leclerc et la Fnac Montceau.<\/p>\n","protected":false},"excerpt":{"rendered":"Rep\u00e8re &#8211; Un ouvrage sorti en avril\u00a02025 Le fruit d\u2019une vie de travail. En avril, l\u2019ouvrage\u00a0 Le Lien&hellip;\n","protected":false},"author":2,"featured_media":475255,"comment_status":"","ping_status":"","sticky":false,"template":"","format":"standard","meta":{"footnotes":""},"categories":[1357],"tags":[1379,58,59,1011,27,1686,1380],"class_list":{"0":"post-475254","1":"post","2":"type-post","3":"status-publish","4":"format-standard","5":"has-post-thumbnail","7":"category-livres","8":"tag-books","9":"tag-divertissement","10":"tag-entertainment","11":"tag-fr","12":"tag-france","13":"tag-import-print","14":"tag-livres"},"share_on_mastodon":{"url":"https:\/\/pubeurope.com\/@fr\/115402105740087032","error":""},"_links":{"self":[{"href":"https:\/\/www.europesays.com\/fr\/wp-json\/wp\/v2\/posts\/475254","targetHints":{"allow":["GET"]}}],"collection":[{"href":"https:\/\/www.europesays.com\/fr\/wp-json\/wp\/v2\/posts"}],"about":[{"href":"https:\/\/www.europesays.com\/fr\/wp-json\/wp\/v2\/types\/post"}],"author":[{"embeddable":true,"href":"https:\/\/www.europesays.com\/fr\/wp-json\/wp\/v2\/users\/2"}],"replies":[{"embeddable":true,"href":"https:\/\/www.europesays.com\/fr\/wp-json\/wp\/v2\/comments?post=475254"}],"version-history":[{"count":0,"href":"https:\/\/www.europesays.com\/fr\/wp-json\/wp\/v2\/posts\/475254\/revisions"}],"wp:featuredmedia":[{"embeddable":true,"href":"https:\/\/www.europesays.com\/fr\/wp-json\/wp\/v2\/media\/475255"}],"wp:attachment":[{"href":"https:\/\/www.europesays.com\/fr\/wp-json\/wp\/v2\/media?parent=475254"}],"wp:term":[{"taxonomy":"category","embeddable":true,"href":"https:\/\/www.europesays.com\/fr\/wp-json\/wp\/v2\/categories?post=475254"},{"taxonomy":"post_tag","embeddable":true,"href":"https:\/\/www.europesays.com\/fr\/wp-json\/wp\/v2\/tags?post=475254"}],"curies":[{"name":"wp","href":"https:\/\/api.w.org\/{rel}","templated":true}]}}