{"id":475270,"date":"2025-10-19T18:00:24","date_gmt":"2025-10-19T18:00:24","guid":{"rendered":"https:\/\/www.europesays.com\/fr\/475270\/"},"modified":"2025-10-19T18:00:24","modified_gmt":"2025-10-19T18:00:24","slug":"volodymyr-zelensky-presse-ses-allies-de-prendre-des-mesures-decisives","status":"publish","type":"post","link":"https:\/\/www.europesays.com\/fr\/475270\/","title":{"rendered":"Volodymyr Zelensky presse ses alli\u00e9s de prendre des \u00ab\u00a0mesures d\u00e9cisives\u00a0\u00bb"},"content":{"rendered":"<p>L\u2019Ukraine ne compte pas rel\u00e2cher la pression. Son pr\u00e9sident <a href=\"https:\/\/www.20minutes.fr\/monde\/volodymyr-zelensky\/\" target=\"_blank\" class=\"c-link c-link--is-underlined\" rel=\"noopener\">Volodymyr Zelensky<\/a> a exhort\u00e9 ce dimanche ses alli\u00e9s \u00e0 renoncer \u00e0 toute politique d\u2019apaisement envers la <a href=\"https:\/\/www.20minutes.fr\/monde\/russie\/\" target=\"_blank\" class=\"c-link c-link--is-underlined\" rel=\"noopener\">Russie<\/a>, au retour de sa visite \u00e0 <a href=\"https:\/\/www.20minutes.fr\/dossier\/washington\" target=\"_blank\" class=\"c-link c-link--is-underlined\" rel=\"noopener\">Washington<\/a> o\u00f9 il n\u2019est pas parvenu \u00e0 obtenir des <a href=\"https:\/\/www.20minutes.fr\/monde\/ukraine\/4179979-20251017-guerre-ukraine-quoi-fameux-missiles-tomahawk-arme-americaine-ultime-convoite-zelensky\" target=\"_blank\" class=\"c-link c-link--is-underlined\" rel=\"noopener\">missiles Tomahawk<\/a>. \u00ab\u00a0L\u2019Ukraine ne conc\u00e9dera jamais aux terroristes aucune r\u00e9compense pour leurs crimes, et nous comptons sur nos partenaires pour maintenir cette position\u00a0\u00bb, a \u00e9crit le pr\u00e9sident ukrainien sur Telegram, appelant ses alli\u00e9s europ\u00e9ens et am\u00e9ricain \u00e0 prendre des \u00ab\u00a0mesures d\u00e9cisives\u00a0\u00bb.<\/p>\n<\/p>\n<p>Volodymyr Zelensky avait \u00e9t\u00e9 re\u00e7u vendredi \u00e0 la <a href=\"https:\/\/www.20minutes.fr\/dossier\/maison_blanche\" target=\"_blank\" class=\"c-link c-link--is-underlined\" rel=\"noopener\">Maison-Blanche<\/a> pour demander \u00e0 son homologue am\u00e9ricain des missiles de croisi\u00e8re Tomahawk, une arme puissante d\u2019une port\u00e9e de 1.600 kilom\u00e8tres. Mais le dirigeant ukrainien est reparti bredouille, expliquant que <a href=\"https:\/\/www.20minutes.fr\/dossier\/donald_trump\" target=\"_blank\" class=\"c-link c-link--is-underlined\" rel=\"noopener\">Donald Trump<\/a> \u00ab\u00a0ne veut pas d\u2019escalade\u00a0\u00bb avant sa rencontre \u00e0 <a href=\"https:\/\/www.20minutes.fr\/dossier\/budapest\" target=\"_blank\" class=\"c-link c-link--is-underlined\" rel=\"noopener\">Budapest<\/a> avec son homologue russe <a href=\"https:\/\/www.20minutes.fr\/monde\/vladimir_poutine\/\" target=\"_blank\" class=\"c-link c-link--is-underlined\" rel=\"noopener\">Vladimir Poutine<\/a>, pr\u00e9vue prochainement.<\/p>\n<p>Ce dimanche, le pr\u00e9sident ukrainien a par ailleurs appel\u00e9 \u00e0 une r\u00e9union \u00ab\u00a0dans un avenir proche\u00a0\u00bb de la coalition des volontaires, un groupe de pays principalement europ\u00e9ens engag\u00e9s dans l\u2019aide \u00e0 l\u2019Ukraine. \u00ab\u00a0Nous avons besoin de positions communes fortes en <a href=\"https:\/\/www.20minutes.fr\/dossier\/europe\" target=\"_blank\" class=\"c-link c-link--is-underlined\" rel=\"noopener\">Europe<\/a>\u00a0\u00bb, a-t-il plaid\u00e9.<\/p>\n<p>Les deux camps toujours actifs sur le front<\/p>\n<p>La Russie a multipli\u00e9 ces derni\u00e8res semaines les frappes sur les installations \u00e9lectriques et gazi\u00e8res en Ukraine, provoquant des coupures de courant \u00e0 travers le pays, \u00e0 l\u2019approche de l\u2019hiver. Au moins deux personnes ont \u00e9t\u00e9 tu\u00e9es ce dimanche et plus d\u2019une dizaine bless\u00e9es dans plusieurs frappes russes dans l\u2019est et le centre de l\u2019Ukraine, selon les autorit\u00e9s locales.<\/p>\n<p>L\u2019Ukraine frappe de son c\u00f4t\u00e9 r\u00e9guli\u00e8rement des raffineries de <a href=\"https:\/\/www.20minutes.fr\/dossier\/petrole\" target=\"_blank\" class=\"c-link c-link--is-underlined\" rel=\"noopener\">p\u00e9trole<\/a> et d\u2019autres sites \u00e9nerg\u00e9tiques en Russie. Ce dimanche, une frappe de <a href=\"https:\/\/www.20minutes.fr\/monde\/drone\/\" target=\"_blank\" class=\"c-link c-link--is-underlined\" rel=\"noopener\">drone<\/a> ukrainienne a contraint une usine du g\u00e9ant gazier russe Gazprom, situ\u00e9e dans la r\u00e9gion d\u2019Orenbourg, \u00e0 cesser le raffinage provenant d\u2019un grand gisement voisin au <a href=\"https:\/\/www.20minutes.fr\/monde\/kazakhstan\/\" target=\"_blank\" class=\"c-link c-link--is-underlined\" rel=\"noopener\">Kazakhstan<\/a>, ont annonc\u00e9 les autorit\u00e9s kazakhes.<\/p>\n<p><a href=\"https:\/\/www.20minutes.fr\/monde\/ukraine\/\" target=\"_blank\" class=\"c-link c-btn c-btn--primary\" rel=\"noopener\">Notre dossier sur la guerre en Ukraine<\/a><\/p>\n<p>Sur le front, l\u2019arm\u00e9e russe a revendiqu\u00e9 ce dimanche la capture de deux villages dans les r\u00e9gions de Donetsk (est) et de Zaporijjia (sud) en Ukraine. Les deux camps ont d\u00e9clar\u00e9 avoir intercept\u00e9 des dizaines de drones lanc\u00e9s l\u2019un contre l\u2019autre au cours de la nuit.<\/p>\n","protected":false},"excerpt":{"rendered":"L\u2019Ukraine ne compte pas rel\u00e2cher la pression. Son pr\u00e9sident Volodymyr Zelensky a exhort\u00e9 ce dimanche ses alli\u00e9s \u00e0&hellip;\n","protected":false},"author":2,"featured_media":475271,"comment_status":"","ping_status":"","sticky":false,"template":"","format":"standard","meta":{"footnotes":""},"categories":[5],"tags":[47,11,75,674,1011,27,131,14,78,74,12,4919,8013,132,135,134,2744,28],"class_list":{"0":"post-475270","1":"post","2":"type-post","3":"status-publish","4":"format-standard","5":"has-post-thumbnail","7":"category-international","8":"tag-actualite","9":"tag-actualites","10":"tag-donald-trump","11":"tag-europe","12":"tag-fr","13":"tag-france","14":"tag-guerre-en-ukraine","15":"tag-international","16":"tag-maison-blanche","17":"tag-monde","18":"tag-news","19":"tag-president","20":"tag-russe","21":"tag-russie","22":"tag-vladimir-poutine","23":"tag-volodymyr-zelensky","24":"tag-washington","25":"tag-world"},"share_on_mastodon":{"url":"https:\/\/pubeurope.com\/@fr\/115402140828482690","error":""},"_links":{"self":[{"href":"https:\/\/www.europesays.com\/fr\/wp-json\/wp\/v2\/posts\/475270","targetHints":{"allow":["GET"]}}],"collection":[{"href":"https:\/\/www.europesays.com\/fr\/wp-json\/wp\/v2\/posts"}],"about":[{"href":"https:\/\/www.europesays.com\/fr\/wp-json\/wp\/v2\/types\/post"}],"author":[{"embeddable":true,"href":"https:\/\/www.europesays.com\/fr\/wp-json\/wp\/v2\/users\/2"}],"replies":[{"embeddable":true,"href":"https:\/\/www.europesays.com\/fr\/wp-json\/wp\/v2\/comments?post=475270"}],"version-history":[{"count":0,"href":"https:\/\/www.europesays.com\/fr\/wp-json\/wp\/v2\/posts\/475270\/revisions"}],"wp:featuredmedia":[{"embeddable":true,"href":"https:\/\/www.europesays.com\/fr\/wp-json\/wp\/v2\/media\/475271"}],"wp:attachment":[{"href":"https:\/\/www.europesays.com\/fr\/wp-json\/wp\/v2\/media?parent=475270"}],"wp:term":[{"taxonomy":"category","embeddable":true,"href":"https:\/\/www.europesays.com\/fr\/wp-json\/wp\/v2\/categories?post=475270"},{"taxonomy":"post_tag","embeddable":true,"href":"https:\/\/www.europesays.com\/fr\/wp-json\/wp\/v2\/tags?post=475270"}],"curies":[{"name":"wp","href":"https:\/\/api.w.org\/{rel}","templated":true}]}}