{"id":475272,"date":"2025-10-19T18:01:09","date_gmt":"2025-10-19T18:01:09","guid":{"rendered":"https:\/\/www.europesays.com\/fr\/475272\/"},"modified":"2025-10-19T18:01:09","modified_gmt":"2025-10-19T18:01:09","slug":"une-trentaine-de-departements-en-vigilance-ce-lundi-les-previsions","status":"publish","type":"post","link":"https:\/\/www.europesays.com\/fr\/475272\/","title":{"rendered":"une trentaine de d\u00e9partements en vigilance ce lundi, les pr\u00e9visions"},"content":{"rendered":"<p>            Par<br \/>\n        <strong><br \/>\n            <a href=\"https:\/\/actu.fr\/auteur\/redaction-actu\" title=\"Consulter tous les articles de R\u00e9daction Actu\" target=\"_blank\" rel=\"noopener\">R\u00e9daction Actu<\/a><br \/>\n        <\/strong><\/p>\n<p>        Publi\u00e9 le<\/p>\n<p>            19 oct. 2025 \u00e0 16h21        <\/p>\n<p>Alors que la journ\u00e9e de la veille \u00e9tait <a href=\"https:\/\/actu.fr\/meteo\/\" target=\"_blank\" rel=\"noopener\">assez calme et globalement ensoleill\u00e9e<\/a>, celle de ce dimanche voit <a href=\"https:\/\/actu.fr\/meteo\/beaucoup-de-pluie-et-le-retour-du-vent-en-france-voici-ou-ca-va-souffler-des-cette-semaine_63309131.html\" target=\"_blank\" rel=\"noopener\">la pluie faire son retour, accompagn\u00e9e d\u2019<strong>un coup de vent<\/strong><\/a> qui souffle sur une partie de la France. Cela devrait <strong>se poursuivre\u00a0ce lundi 20\u00a0octobre 2025<\/strong>. En plus, <strong>des orages<\/strong> sont annonc\u00e9s.<\/p>\n<p class=\" wall-content\"><a href=\"https:\/\/meteofrance.com\/\" target=\"_blank\" rel=\"noopener\">M\u00e9t\u00e9o France<\/a> a plac\u00e9 <strong>de nombreux d\u00e9partements en vigilance<\/strong> pour la journ\u00e9e de lundi, pour plusieurs motifs. En effet, certains sont concern\u00e9s par les risques <strong>de pluie-inondation <\/strong>et <strong>de vagues-submersion<\/strong>. Voici les pr\u00e9visions.<\/p>\n<p><strong>La liste compl\u00e8te des d\u00e9partements plac\u00e9s en vigilance jaune pour ce lundi 20\u00a0octobre 2025\u2009:<\/strong><\/p>\n<ul class=\" wall-content\">\n<li>Aisne\u2009: orages<\/li>\n<li>Alpes-de-Haute-Provence\u2009: pluie-inondation, orages<\/li>\n<li>Hautes-Alpes\u2009: pluie-inondation<\/li>\n<li>Alpes-Maritimes\u2009: orages<\/li>\n<li>Ard\u00e8che\u2009: pluie-inondation<\/li>\n<li>Ardennes\u2009: orages<\/li>\n<li>Bouches-du-Rh\u00f4ne\u2009: pluie-inondation, orages<\/li>\n<li>Calvados\u2009: vent, orages<\/li>\n<li>Charente-Maritime\u2009: vagues-submersion<\/li>\n<li>C\u00f4tes-d\u2019Armor\u2009: vent, vagues-submersion<\/li>\n<li>Dr\u00f4me\u2009: pluie-inondation, orages<\/li>\n<li>Eure\u2009: orages<\/li>\n<li>Eure-et-Loir\u2009: orages<\/li>\n<li>Finist\u00e8re\u2009: vent, vagues-submersion<\/li>\n<li>Gironde\u2009: vagues-submersion<\/li>\n<li>Ille-et-Vilaine\u2009: vagues-submersion<\/li>\n<li>Is\u00e8re\u2009: vent, pluie-inondation<\/li>\n<li>Loire\u2009: vent<\/li>\n<li>Loire-Atlantique\u2009: vent, vagues-submersion<\/li>\n<li>Manche\u2009: vent, orages, vagues-submersion<\/li>\n<li>Marne\u2009: orages<\/li>\n<li>Morbihan\u2009: vent, vagues-submersion<\/li>\n<li>Nord\u2009: orages<\/li>\n<li>Oise\u2009: orages<\/li>\n<li>Orne\u2009: orages<\/li>\n<li>Pas-de-Calais\u2009: orages<\/li>\n<li>Rh\u00f4ne\u2009: vent<\/li>\n<li>Paris\u2009: orages<\/li>\n<li>Seine-Maritime\u2009: orages, vagues-submersion<\/li>\n<li>Seine-et-Marne\u2009: orages<\/li>\n<li>Yvelines\u2009: orages<\/li>\n<li>Somme\u2009: orages<\/li>\n<li>Var\u2009: pluie-inondation, orages<\/li>\n<li>Vaucluse\u2009: pluie-inondation, orages<\/li>\n<li>Vend\u00e9e\u2009: vent, vagues-submersion<\/li>\n<li>Essonne\u2009: orages<\/li>\n<li>Hauts-de-Seine\u2009: orages<\/li>\n<li>Seine-Saint-Denis\u2009: orages<\/li>\n<li>Val-de-Marne\u2009: orages<\/li>\n<li>Val-d\u2019Oise\u2009: orages<\/li>\n<\/ul>\n<p>De la pluie et des orages attendus<\/p>\n<p class=\" wall-content\">Lundi matin, un temps couvert et pluvieux se mettra en place \u00ab\u2009du sud de l\u2019Aquitaine jusqu\u2019\u00e0 la Lorraine et les fronti\u00e8res de l\u2019est\u2009\u00bb, selon M\u00e9t\u00e9o France. \u00ab\u2009Des pluies plus marqu\u00e9es et parfois orageuses sont attendues dans le Sud-Est.\u2009\u00bb Elles perdureront\u2009une partie de l\u2019apr\u00e8s-midi \u00ab\u2009avec des cumuls importants sur le sud de la vall\u00e9e du Rh\u00f4ne et dans l\u2019int\u00e9rieur de la Provence\u2009\u00bb.<\/p>\n<blockquote class=\"ac-article-quote wall-content\">\n<p>Des \u00e9claircies parviendront tout de m\u00eame \u00e0 se d\u00e9velopper en cours de journ\u00e9e du Sud-Ouest au Nord-Est. Sur l&rsquo;est de l&rsquo;Occitanie, les averses seront plus rares.<\/p>\n<p>    <strong>M\u00e9t\u00e9o France<\/strong>\n            <\/p><\/blockquote>\n<p class=\" wall-content\">En soir\u00e9e, il y aura quelques averses en Corse. Sur le quart Nord-Ouest, les averses se succ\u00e9deront \u00ab\u2009avec un vent de sud-ouest sensible\u2009\u00bb, pr\u00e9cise M\u00e9t\u00e9o France.<\/p>\n<p>Des rafales jusqu\u2019\u00e0 110\u00a0km\/h<\/p>\n<p class=\" wall-content\">Pour ce dimanche, des rafales \u00e0 70\u00a0km\/h sur les c\u00f4tes de la Manche et 70-80\u00a0km\/h sur les c\u00f4tes bretonnes \u00e9taient attendues. Ce coup de vent assez \u00ab\u2009classique\u2009\u00bb va \u00ab\u2009basculer\u2009\u00bb dans la nuit dimanche \u00e0 ce lundi \u00e0 l\u2019arriv\u00e9e d\u2019une autre perturbation.<\/p>\n<p>Votre r\u00e9gion, votre actu !<\/p>\n<p>Recevez chaque jour les infos qui comptent pour vous.<\/p>\n<p>\t<a href=\"https:\/\/actu.fr\/newsletter\" class=\"ac-btn ac-btn--corner ac-btn--medium ac-btn--blue800\" target=\"_blank\" rel=\"noopener\">S&rsquo;incrire<\/a><\/p>\n<p class=\" wall-content\">\u00ab\u2009Le d\u00e9calage de la d\u00e9pression lundi midi, sur le centre de l\u2019Angleterre, va renforcer aussi le vent\u2009\u00bb, <a href=\"https:\/\/actu.fr\/meteo\/des-rafales-jusqu-a-110-km-h-un-coup-de-vent-attendu-des-ce-dimanche-en-france-voici-a-quoi-s-attendre_63319185.html\" target=\"_blank\" rel=\"noopener\">a indiqu\u00e9 \u00e0 actu.fr le m\u00e9t\u00e9orologue Yann Amice<\/a>. Ainsi, des rafales de 90\u00a0km\/h \u00e0 110\u00a0km\/h seront attendues lundi de la pointe bretonne aux c\u00f4tes normandes, avec jusqu\u2019\u00e0 70-80\u00a0km\/h dans les terres, et 60-70\u00a0km\/h sur le pourtour m\u00e9diterran\u00e9en.<\/p>\n<p class=\" wall-content\">Personnalisez votre actualit\u00e9 en ajoutant vos villes et m\u00e9dias en favori avec <a href=\"https:\/\/moncompte.actu.fr\" title=\"D\u00e9couvez Mon Actu\" rel=\"nofollow noopener\" data-trk=\"{&quot;cta&quot;:{&quot;action&quot;:&quot;https:\\\/\\\/moncompte.actu.fr&quot;,&quot;category&quot;:&quot;mon compte&quot;,&quot;from&quot;:&quot;article footer&quot;,&quot;name&quot;:&quot;Mon actu&quot;,&quot;type&quot;:&quot;cta&quot;}}\" target=\"_blank\">Mon Actu<\/a>.<\/p>\n","protected":false},"excerpt":{"rendered":"Par R\u00e9daction Actu Publi\u00e9 le 19 oct. 2025 \u00e0 16h21 Alors que la journ\u00e9e de la veille \u00e9tait&hellip;\n","protected":false},"author":2,"featured_media":475273,"comment_status":"","ping_status":"","sticky":false,"template":"","format":"standard","meta":{"footnotes":""},"categories":[4],"tags":[11,1011,27,2487,2357,12,4594,4459,25],"class_list":{"0":"post-475272","1":"post","2":"type-post","3":"status-publish","4":"format-standard","5":"has-post-thumbnail","7":"category-france","8":"tag-actualites","9":"tag-fr","10":"tag-france","11":"tag-meteo","12":"tag-meteo-france","13":"tag-news","14":"tag-orages","15":"tag-pluie","16":"tag-republique-francaise"},"share_on_mastodon":{"url":"https:\/\/pubeurope.com\/@fr\/115402144722754073","error":""},"_links":{"self":[{"href":"https:\/\/www.europesays.com\/fr\/wp-json\/wp\/v2\/posts\/475272","targetHints":{"allow":["GET"]}}],"collection":[{"href":"https:\/\/www.europesays.com\/fr\/wp-json\/wp\/v2\/posts"}],"about":[{"href":"https:\/\/www.europesays.com\/fr\/wp-json\/wp\/v2\/types\/post"}],"author":[{"embeddable":true,"href":"https:\/\/www.europesays.com\/fr\/wp-json\/wp\/v2\/users\/2"}],"replies":[{"embeddable":true,"href":"https:\/\/www.europesays.com\/fr\/wp-json\/wp\/v2\/comments?post=475272"}],"version-history":[{"count":0,"href":"https:\/\/www.europesays.com\/fr\/wp-json\/wp\/v2\/posts\/475272\/revisions"}],"wp:featuredmedia":[{"embeddable":true,"href":"https:\/\/www.europesays.com\/fr\/wp-json\/wp\/v2\/media\/475273"}],"wp:attachment":[{"href":"https:\/\/www.europesays.com\/fr\/wp-json\/wp\/v2\/media?parent=475272"}],"wp:term":[{"taxonomy":"category","embeddable":true,"href":"https:\/\/www.europesays.com\/fr\/wp-json\/wp\/v2\/categories?post=475272"},{"taxonomy":"post_tag","embeddable":true,"href":"https:\/\/www.europesays.com\/fr\/wp-json\/wp\/v2\/tags?post=475272"}],"curies":[{"name":"wp","href":"https:\/\/api.w.org\/{rel}","templated":true}]}}