{"id":475298,"date":"2025-10-19T18:16:14","date_gmt":"2025-10-19T18:16:14","guid":{"rendered":"https:\/\/www.europesays.com\/fr\/475298\/"},"modified":"2025-10-19T18:16:14","modified_gmt":"2025-10-19T18:16:14","slug":"quatre-blesses-dans-une-collision-frontale-en-ille-et-vilaine","status":"publish","type":"post","link":"https:\/\/www.europesays.com\/fr\/475298\/","title":{"rendered":"Quatre bless\u00e9s dans une collision frontale en Ille-et-Vilaine"},"content":{"rendered":"<p>Les secours ont \u00e9t\u00e9 alert\u00e9s vers 16 h 30, \u00e0 la suite d\u2019un accident sur la N 12, l\u2019axe de contournement de Foug\u00e8res. Pour une raison qui reste \u00e0 d\u00e9terminer, deux v\u00e9hicules se sont percut\u00e9s frontalement \u00e0 la hauteur d\u2019un radar. Au total 24 pompiers et deux \u00e9quipes du Samu ont \u00e9t\u00e9 d\u00e9p\u00each\u00e9s sur place. \u00c0 leur arriv\u00e9e deux personnes impliqu\u00e9es dans l\u2019accident avaient pu sortir par elles-m\u00eames des voitures. Des moyens de d\u00e9sincarc\u00e9ration ont d\u00fb \u00eatre mis en place pour secourir les deux autres. Parmi ces quatre personnes bless\u00e9es, \u00e2g\u00e9s de 45 ans, 54 ans, 62 ans et 76 ans, trois \u00e9taient en urgence absolue et une en urgence relative. L\u2019une des victimes, gravement touch\u00e9e, a \u00e9t\u00e9 h\u00e9liport\u00e9e vers le CHR Pontchaillou de Rennes. Les trois autres ont \u00e9t\u00e9 transport\u00e9es vers le centre hospitalier de Foug\u00e8res. La circulation, sur l\u2019axe o\u00f9 l\u2019accident s\u2019est produit, a d\u00fb \u00eatre ferm\u00e9e le temps de l\u2019intervention des secours.<\/p>\n","protected":false},"excerpt":{"rendered":"Les secours ont \u00e9t\u00e9 alert\u00e9s vers 16 h 30, \u00e0 la suite d\u2019un accident sur la N 12,&hellip;\n","protected":false},"author":2,"featured_media":475299,"comment_status":"","ping_status":"","sticky":false,"template":"","format":"standard","meta":{"footnotes":""},"categories":[2821],"tags":[1111,11,829,765,1777,674,118,1011,27,848,12,584,25],"class_list":{"0":"post-475298","1":"post","2":"type-post","3":"status-publish","4":"format-standard","5":"has-post-thumbnail","7":"category-rennes","8":"tag-actu","9":"tag-actualites","10":"tag-bretagne","11":"tag-en-continu","12":"tag-eu","13":"tag-europe","14":"tag-faits-divers","15":"tag-fr","16":"tag-france","17":"tag-ille-et-vilaine","18":"tag-news","19":"tag-rennes","20":"tag-republique-francaise"},"share_on_mastodon":{"url":"https:\/\/pubeurope.com\/@fr\/115402203667612325","error":""},"_links":{"self":[{"href":"https:\/\/www.europesays.com\/fr\/wp-json\/wp\/v2\/posts\/475298","targetHints":{"allow":["GET"]}}],"collection":[{"href":"https:\/\/www.europesays.com\/fr\/wp-json\/wp\/v2\/posts"}],"about":[{"href":"https:\/\/www.europesays.com\/fr\/wp-json\/wp\/v2\/types\/post"}],"author":[{"embeddable":true,"href":"https:\/\/www.europesays.com\/fr\/wp-json\/wp\/v2\/users\/2"}],"replies":[{"embeddable":true,"href":"https:\/\/www.europesays.com\/fr\/wp-json\/wp\/v2\/comments?post=475298"}],"version-history":[{"count":0,"href":"https:\/\/www.europesays.com\/fr\/wp-json\/wp\/v2\/posts\/475298\/revisions"}],"wp:featuredmedia":[{"embeddable":true,"href":"https:\/\/www.europesays.com\/fr\/wp-json\/wp\/v2\/media\/475299"}],"wp:attachment":[{"href":"https:\/\/www.europesays.com\/fr\/wp-json\/wp\/v2\/media?parent=475298"}],"wp:term":[{"taxonomy":"category","embeddable":true,"href":"https:\/\/www.europesays.com\/fr\/wp-json\/wp\/v2\/categories?post=475298"},{"taxonomy":"post_tag","embeddable":true,"href":"https:\/\/www.europesays.com\/fr\/wp-json\/wp\/v2\/tags?post=475298"}],"curies":[{"name":"wp","href":"https:\/\/api.w.org\/{rel}","templated":true}]}}