{"id":475304,"date":"2025-10-19T18:19:12","date_gmt":"2025-10-19T18:19:12","guid":{"rendered":"https:\/\/www.europesays.com\/fr\/475304\/"},"modified":"2025-10-19T18:19:12","modified_gmt":"2025-10-19T18:19:12","slug":"lasptt-strasbourg-se-replace-en-embuscade","status":"publish","type":"post","link":"https:\/\/www.europesays.com\/fr\/475304\/","title":{"rendered":"l\u2019ASPTT Strasbourg se replace en embuscade"},"content":{"rendered":"<p>Quatri\u00e8mes des play-offs au printemps dernier, les Aixois ont voyag\u00e9 sans plusieurs joueuses majeures, retenues en comp\u00e9titions internationales, dont la Turque Ozge Bayrak. L\u2019ASPTT Strasbourg \u00e9tait, quant \u00e0 elle, d\u00e9plum\u00e9e chez les gar\u00e7ons, priv\u00e9e pour les m\u00eames raisons d\u2019Alex Lanier, le champion d\u2019Europe de simple, de Thibault Gardon ou encore de l\u2019Isra\u00e9lien Daniil Dubovenko.<\/p>\n<p>\u00ab\u00a0Sur le papier, on \u00e9tait l\u00e9g\u00e8rement favoris, mais il y avait une petite pression \u00e0 aller chercher tous les points du c\u00f4t\u00e9 f\u00e9minin\u00a0\u00bb, avance le capitaine Julien Fuchs.<\/p>\n<p>\u00ab\u00a0On a maintenant un gros banc pour pallier aux absences\u00a0\u00bb<\/p>\n<p>En simple, Stefani Stoeva et Rosy Pancasari (qui n\u2019a conc\u00e9d\u00e9 que\u2026 5 points) n\u2019ont pas laiss\u00e9 le suspense&#8230;<\/p>\n","protected":false},"excerpt":{"rendered":"Quatri\u00e8mes des play-offs au printemps dernier, les Aixois ont voyag\u00e9 sans plusieurs joueuses majeures, retenues en comp\u00e9titions internationales,&hellip;\n","protected":false},"author":2,"featured_media":475305,"comment_status":"","ping_status":"","sticky":false,"template":"","format":"standard","meta":{"footnotes":""},"categories":[2820],"tags":[1111,11,5406,2880,1777,674,1011,27,775,12,25,517,640,2879],"class_list":{"0":"post-475304","1":"post","2":"type-post","3":"status-publish","4":"format-standard","5":"has-post-thumbnail","7":"category-strasbourg","8":"tag-actu","9":"tag-actualites","10":"tag-badminton","11":"tag-edition-strasbourg","12":"tag-eu","13":"tag-europe","14":"tag-fr","15":"tag-france","16":"tag-grand-est","17":"tag-news","18":"tag-republique-francaise","19":"tag-sport","20":"tag-strasbourg","21":"tag-strasbourg-ville"},"share_on_mastodon":{"url":"https:\/\/pubeurope.com\/@fr\/115402215452944328","error":""},"_links":{"self":[{"href":"https:\/\/www.europesays.com\/fr\/wp-json\/wp\/v2\/posts\/475304","targetHints":{"allow":["GET"]}}],"collection":[{"href":"https:\/\/www.europesays.com\/fr\/wp-json\/wp\/v2\/posts"}],"about":[{"href":"https:\/\/www.europesays.com\/fr\/wp-json\/wp\/v2\/types\/post"}],"author":[{"embeddable":true,"href":"https:\/\/www.europesays.com\/fr\/wp-json\/wp\/v2\/users\/2"}],"replies":[{"embeddable":true,"href":"https:\/\/www.europesays.com\/fr\/wp-json\/wp\/v2\/comments?post=475304"}],"version-history":[{"count":0,"href":"https:\/\/www.europesays.com\/fr\/wp-json\/wp\/v2\/posts\/475304\/revisions"}],"wp:featuredmedia":[{"embeddable":true,"href":"https:\/\/www.europesays.com\/fr\/wp-json\/wp\/v2\/media\/475305"}],"wp:attachment":[{"href":"https:\/\/www.europesays.com\/fr\/wp-json\/wp\/v2\/media?parent=475304"}],"wp:term":[{"taxonomy":"category","embeddable":true,"href":"https:\/\/www.europesays.com\/fr\/wp-json\/wp\/v2\/categories?post=475304"},{"taxonomy":"post_tag","embeddable":true,"href":"https:\/\/www.europesays.com\/fr\/wp-json\/wp\/v2\/tags?post=475304"}],"curies":[{"name":"wp","href":"https:\/\/api.w.org\/{rel}","templated":true}]}}