{"id":475315,"date":"2025-10-19T18:26:12","date_gmt":"2025-10-19T18:26:12","guid":{"rendered":"https:\/\/www.europesays.com\/fr\/475315\/"},"modified":"2025-10-19T18:26:12","modified_gmt":"2025-10-19T18:26:12","slug":"les-acheteurs-devront-vite-se-positionner","status":"publish","type":"post","link":"https:\/\/www.europesays.com\/fr\/475315\/","title":{"rendered":"les acheteurs devront vite se positionner"},"content":{"rendered":"<p>            Par<br \/>\n        <strong><br \/>\n            <a href=\"https:\/\/actu.fr\/auteur\/marie-lamarque\" title=\"Consulter tous les articles de Marie Lamarque\" rel=\"nofollow noopener\" target=\"_blank\">Marie Lamarque<\/a><br \/>\n        <\/strong><\/p>\n<p>        Publi\u00e9 le<\/p>\n<p>            19 oct. 2025 \u00e0 19h11        <\/p>\n<p>Confront\u00e9e \u00e0 \u00ab\u00a0des co\u00fbts totalement exorbitants\u00a0\u00bb \u2013 disait <a href=\"https:\/\/actu.fr\/occitanie\/toulouse_31555\/toulouse-quand-la-mairie-vend-son-patrimoine-immobilier-a-la-decoupe_62431375.html\" rel=\"nofollow noopener\" target=\"_blank\">en mars dernier<\/a><strong> Sacha Briand<\/strong>, adjoint au maire de <a href=\"https:\/\/actu.fr\/toulouse\/\" rel=\"nofollow noopener\" target=\"_blank\">Toulouse<\/a> en charge des finances \u2013 la Ville cherche \u00e0 se s\u00e9parer de plusieurs de ses biens immobiliers, dont un immeuble situ\u00e9 dans le centre historique de la capitale occitane, au 25 de la rue Valade, \u00e0 deux pas de la place Saint-Pierre. <strong>Les int\u00e9ress\u00e9s peuvent d\u00e9j\u00e0 se positionner pour le racheter<\/strong>. Mais attention, il ne reste que quelques mois pour faire la d\u00e9marche.<\/p>\n<p>Dans un quartier historique<\/p>\n<p class=\" wall-content\">La mairie le mentionne <a href=\"https:\/\/metropole.toulouse.fr\/actualites\/vente-par-la-mairie-de-toulouse-dun-ensemble-immobilier-en-centre-ville\" rel=\"nofollow noopener\" target=\"_blank\">sur son site<\/a>, les offres d\u2019acquisition doivent \u00eatre d\u00e9pos\u00e9es <strong>avant le 30 janvier 2026, \u00e0 16h<\/strong>.<\/p>\n<p class=\" wall-content\">Dans ce b\u00e2timent, dot\u00e9 d\u2019une <strong>surface totale de 712 m\u00b2<\/strong>, se trouvaient les services de \u00ab\u2009syst\u00e8me d\u2019information\u2009\u00bb de la mairie. Il n\u00e9cessite \u00ab\u2009une r\u00e9novation compl\u00e8te\u2009\u00bb et n\u2019est \u00ab\u2009plus adapt\u00e9 \u00e0 l\u2019accessibilit\u00e9 du public\u2009\u00bb, avait alors indiqu\u00e9 l\u2019adjoint. Il s\u2019\u00e9l\u00e8ve sur <strong>quatre \u00e9tages<\/strong> et comporte, en tout, six niveaux.<\/p>\n<p>    <img   decoding=\"async\" loading=\"lazy\" src=\"https:\/\/www.europesays.com\/fr\/wp-content\/uploads\/2025\/10\/immeuble-rue-valade-toulouse-3-gl-960x640.jpg\" alt=\"Cet immeuble situ\u00e9 au 25 rue Valade, tout pr\u00e8s de la place Saint-Pierre, est mis en vente par la mairie de Toulouse\" width=\"960\" height=\"640\"\/><br \/>\n    Cet immeuble situ\u00e9 au 25 rue Valade, tout pr\u00e8s de la place Saint-Pierre, est mis en vente par la mairie de Toulouse (\u00a9Romain Piccolo \/ Actu Toulouse)<\/p>\n<p class=\" wall-content\">Les futurs acqu\u00e9reurs devront prendre en compte ses sp\u00e9cificit\u00e9s puisqu\u2019il est situ\u00e9 dans <strong>un p\u00e9rim\u00e8tre de protection au titre des monuments historiques<\/strong>. En effet, l\u2019ensemble se situe dans un quartier privil\u00e9gi\u00e9 de l\u2019hypercentre toulousain, pr\u00e8s du coll\u00e8ge et lyc\u00e9e Pierre de Fermat, ainsi que de l\u2019Universit\u00e9 Toulouse-Capitole. Le projet port\u00e9 devra s\u2019inclure dans cet environnement, avec avis de l\u2019Architecte des B\u00e2timents de France.<\/p>\n<p>Vid\u00e9os : en ce moment sur ActuOuvert aux visites<\/p>\n<p class=\" wall-content\">Pour le bien de la vente, le service de la mairie qui habite encore les lieux devra d\u00e9m\u00e9nager au cours du premier semestre 2028.<\/p>\n<p class=\" wall-content\">Les candidats int\u00e9ress\u00e9s peuvent demander \u00e0 les visiter en envoyant un mail \u00e0 <a href=\"https:\/\/actu.fr\/cdn-cgi\/l\/email-protection\" class=\"__cf_email__\" data-cfemail=\"6501020c4813000b1100164b0c08080a070c090c0017001625110a10090a10160048080011170a150a09004b0317\" rel=\"nofollow noopener\" target=\"_blank\">[email\u00a0protected]<\/a> et en sp\u00e9cifiant en objet : \u00ab Visite du 25 rue Valade \u00bb.<\/p>\n<p>Votre r\u00e9gion, votre actu !<\/p>\n<p>Recevez chaque jour les infos qui comptent pour vous.<\/p>\n<p>\t<a href=\"https:\/\/actu.fr\/newsletter\" class=\"ac-btn ac-btn--corner ac-btn--medium ac-btn--blue800\" rel=\"nofollow noopener\" target=\"_blank\">S&rsquo;incrire<\/a><\/p>\n<p class=\" wall-content\">Selon le calendrier \u00e9tabli, la Ville esp\u00e8re pouvoir <strong>signer l\u2019acte de vente au premier semestre 2028<\/strong>.<\/p>\n<p>    <a href=\"https:\/\/www.google.com\/maps\/embed?pb=!1m18!1m12!1m3!1d5778.1639308546455!2d1.434421012861551!3d43.60483495543565!2m3!1f0!2f0!3f0!3m2!1i1024!2i768!4f13.1!3m3!1m2!1s0x12aebb669b2d35ed%3A0xd506480b114b1f1c!2s25%20Rue%20Valade%2C%2031000%20Toulouse!5e0!3m2!1sfr!2sfr!4v1760892219648!5m2!1sfr!2sfr\" title=\"Ouvrie le lien\" rel=\"nofollow noopener\" target=\"_blank\">Cliquez ici pour visualiser le contenu<\/a><\/p>\n<p><strong>Infos pratiques<\/strong><br \/>\nPlus d\u2019informations sur cette vente \u00e0 lire <a href=\"https:\/\/metropole.toulouse.fr\/actualites\/vente-par-la-mairie-de-toulouse-dun-ensemble-immobilier-en-centre-ville\" rel=\"nofollow noopener\" target=\"_blank\">sur le site de la mairie de Toulouse<\/a>.<\/p>\n<p class=\" wall-content\">Personnalisez votre actualit\u00e9 en ajoutant vos villes et m\u00e9dias en favori avec <a href=\"https:\/\/moncompte.actu.fr\" title=\"D\u00e9couvez Mon Actu\" rel=\"nofollow noopener\" data-trk=\"{&quot;cta&quot;:{&quot;action&quot;:&quot;https:\\\/\\\/moncompte.actu.fr&quot;,&quot;category&quot;:&quot;mon compte&quot;,&quot;from&quot;:&quot;article footer&quot;,&quot;name&quot;:&quot;Mon actu&quot;,&quot;type&quot;:&quot;cta&quot;}}\" target=\"_blank\">Mon Actu<\/a>.<\/p>\n","protected":false},"excerpt":{"rendered":"Par Marie Lamarque Publi\u00e9 le 19 oct. 2025 \u00e0 19h11 Confront\u00e9e \u00e0 \u00ab\u00a0des co\u00fbts totalement exorbitants\u00a0\u00bb \u2013 disait&hellip;\n","protected":false},"author":2,"featured_media":475316,"comment_status":"","ping_status":"","sticky":false,"template":"","format":"standard","meta":{"footnotes":""},"categories":[2816],"tags":[1111,11,1777,674,1011,27,12,2680,2551,25,104,2312],"class_list":{"0":"post-475315","1":"post","2":"type-post","3":"status-publish","4":"format-standard","5":"has-post-thumbnail","7":"category-toulouse","8":"tag-actu","9":"tag-actualites","10":"tag-eu","11":"tag-europe","12":"tag-fr","13":"tag-france","14":"tag-news","15":"tag-occitanie","16":"tag-patrimoine","17":"tag-republique-francaise","18":"tag-societe","19":"tag-toulouse"},"share_on_mastodon":{"url":"https:\/\/pubeurope.com\/@fr\/115402243732063752","error":""},"_links":{"self":[{"href":"https:\/\/www.europesays.com\/fr\/wp-json\/wp\/v2\/posts\/475315","targetHints":{"allow":["GET"]}}],"collection":[{"href":"https:\/\/www.europesays.com\/fr\/wp-json\/wp\/v2\/posts"}],"about":[{"href":"https:\/\/www.europesays.com\/fr\/wp-json\/wp\/v2\/types\/post"}],"author":[{"embeddable":true,"href":"https:\/\/www.europesays.com\/fr\/wp-json\/wp\/v2\/users\/2"}],"replies":[{"embeddable":true,"href":"https:\/\/www.europesays.com\/fr\/wp-json\/wp\/v2\/comments?post=475315"}],"version-history":[{"count":0,"href":"https:\/\/www.europesays.com\/fr\/wp-json\/wp\/v2\/posts\/475315\/revisions"}],"wp:featuredmedia":[{"embeddable":true,"href":"https:\/\/www.europesays.com\/fr\/wp-json\/wp\/v2\/media\/475316"}],"wp:attachment":[{"href":"https:\/\/www.europesays.com\/fr\/wp-json\/wp\/v2\/media?parent=475315"}],"wp:term":[{"taxonomy":"category","embeddable":true,"href":"https:\/\/www.europesays.com\/fr\/wp-json\/wp\/v2\/categories?post=475315"},{"taxonomy":"post_tag","embeddable":true,"href":"https:\/\/www.europesays.com\/fr\/wp-json\/wp\/v2\/tags?post=475315"}],"curies":[{"name":"wp","href":"https:\/\/api.w.org\/{rel}","templated":true}]}}