{"id":475330,"date":"2025-10-19T18:35:11","date_gmt":"2025-10-19T18:35:11","guid":{"rendered":"https:\/\/www.europesays.com\/fr\/475330\/"},"modified":"2025-10-19T18:35:11","modified_gmt":"2025-10-19T18:35:11","slug":"vol-au-louvre-violence-a-coups-de-tournevis-le-recap-de-linfo-du-week-end-a-paris-et-en-ile-de-france","status":"publish","type":"post","link":"https:\/\/www.europesays.com\/fr\/475330\/","title":{"rendered":"Vol au Louvre, violence \u00e0 coups de tournevis&#8230; Le r\u00e9cap de l&rsquo;info du week-end \u00e0 Paris et en \u00cele-de-France"},"content":{"rendered":"<p>            Par<br \/>\n        <strong><br \/>\n            <a href=\"https:\/\/actu.fr\/auteur\/glenn-gillet\" title=\"Consulter tous les articles de Glenn Gillet\" target=\"_blank\" rel=\"noopener\">Glenn Gillet<\/a><br \/>\n        <\/strong><\/p>\n<p>        Publi\u00e9 le<\/p>\n<p>            19 oct. 2025 \u00e0 18h01        <\/p>\n<p>Une actualit\u00e9 plus que <strong>charg\u00e9e<\/strong> dans la r\u00e9gion ces derniers jours. Le week-end du 18 et du 19\u00a0octobre 2025 a \u00e9t\u00e9 dense \u00e0 <a href=\"https:\/\/actu.fr\/paris\/dernieres-actus\" target=\"_blank\" rel=\"noopener\">Paris<\/a> et en <a href=\"https:\/\/actu.fr\/ile-de-france\/\" target=\"_blank\" rel=\"noopener\">\u00cele-de-France<\/a>, entre vol spectaculaire au mus\u00e9e du Louvre, faits divers, actualit\u00e9 politique et initiatives locales\u2026 Voici les principales informations des r\u00e9dactions franciliennes d\u2019actu. Le <strong>r\u00e9cap<\/strong> par ici.<\/p>\n<p class=\" wall-content\"><a href=\"https:\/\/actu.fr\/ile-de-france\/paris_75056\/paris-un-braquage-a-eu-lieu-ce-dimanche-matin-musee-du-louvre-l-etablissement-ferme-toute-la-journee_63320743.html\" target=\"_blank\" rel=\"noopener\">Le mus\u00e9e du Louvre victime d\u2019un vol de bijoux d\u2019une \u00ab\u2009valeur inestimable\u2009\u00bb<\/a><br \/>Le mus\u00e9e le plus visit\u00e9 du monde a \u00e9t\u00e9 victime d\u2019un vol ce dimanche 19\u00a0octobre. Trois ou quatre hommes ont utilis\u00e9 un monte-charge pour gagner une fen\u00eatre du Louvre qu\u2019ils ont bris\u00e9e \u00e0 la meuleuse, avant de p\u00e9n\u00e9trer au niveau de la galerie d\u2019Apollon, o\u00f9 sont pr\u00e9sent\u00e9s des objets d\u2019une \u00ab\u2009valeur inestimable\u2009\u00bb\u2009: les joyaux de la Couronne fran\u00e7aise et des objets appartenant \u00e0 Napol\u00e9on et l\u2019imp\u00e9ratrice Eug\u00e9nie. La couronne d\u2019Eug\u00e9nie, sertie de milliers de diamants, a \u00e9t\u00e9 retrouv\u00e9e endommag\u00e9e aux abords du mus\u00e9e. Les suspects sont toujours en fuite.<\/p>\n<p class=\" wall-content\"><a href=\"https:\/\/actu.fr\/ile-de-france\/bagneaux-sur-loing_77016\/seine-et-marne-il-frappe-sa-compagne-a-coups-de-tournevis-et-se-rend-a-la-police_63319151.html\" target=\"_blank\" rel=\"noopener\">Seine-et-Marne\u2009: il frappe son ex-compagne \u00e0 coups de tournevis et se rend \u00e0 la police<\/a><br \/>Vendredi 17\u00a0octobre, en soir\u00e9e, \u00e0 Bagneaux-sur-Loing, un homme a frapp\u00e9 son ex-compagne de 10\u00a0coups de tournevis avant de se rendre \u00e0 la police. Le pronostic vital de la victime n\u2019\u00e9tait heureusement pas engag\u00e9. Elle a \u00e9t\u00e9 transport\u00e9e \u00e0 l\u2019h\u00f4pital de Nemours.<\/p>\n<p class=\" wall-content\"><a href=\"https:\/\/actu.fr\/ile-de-france\/rambouillet_78517\/dans-les-yvelines-cette-commercante-propose-de-recycler-votre-soutien-gorge-pour-la-bonne-cause_63318833.html\" target=\"_blank\" rel=\"noopener\">Yvelines\u2009: une commer\u00e7ante propose de recycler votre soutien-gorge pour la bonne cause<\/a><br \/>La commer\u00e7ante de la boutique de lingerie Armony \u00e0 Rambouillet (Yvelines), Virginie Turc, invite les dames qui ont des soutiens-gorge inutilis\u00e9s dans leur placard \u00e0 les donner pour une belle initiative. \u00ab\u2009L\u2019id\u00e9e est venue de recycler les soutiens-gorge pour permettre aux femmes, suivies par les associations partenaires du CCAS (Centre communal d\u2019action sociale) de Rambouillet, de b\u00e9n\u00e9ficier de lingerie de qualit\u00e9\u2009\u00bb, explique la commer\u00e7ante.<\/p>\n<p class=\" wall-content\"><a href=\"https:\/\/actu.fr\/ile-de-france\/bray-et-lu_95101\/un-nouveau-chapitre-quatre-etoiles-pour-cet-hotel-restaurant-du-val-doise_63316200.html\" target=\"_blank\" rel=\"noopener\">Val-d\u2019Oise\u2009: un nouveau chapitre quatre \u00e9toiles pour un h\u00f4tel-restaurant<\/a><br \/>Nich\u00e9 au c\u0153ur du Vexin fran\u00e7ais, \u00e0 Bray-et-L\u00fb (Val-d\u2019Oise), Les Jardins d\u2019\u00c9picure, un h\u00f4tel-restaurant de charme m\u00ealant histoire, nature et gastronomie raffin\u00e9e, qui vient d\u2019\u00eatre aur\u00e9ol\u00e9e de quatre \u00e9toiles dans la cat\u00e9gorie H\u00f4tel de tourisme. \u00ab\u2009C\u2019est une v\u00e9ritable satisfaction\u2009\u00bb, se r\u00e9jouit le propri\u00e9taire.<\/p>\n<p class=\" wall-content\"><a href=\"https:\/\/actu.fr\/ile-de-france\/alfortville_94002\/avec-ses-recherches-cette-toute-jeune-scientifique-du-val-de-marne-pourrait-nous-sauver-des-incendies_63309115.html\" target=\"_blank\" rel=\"noopener\">Val-de-Marne\u2009: avec ses recherches, cette toute jeune scientifique du Val-de-Marne pourrait nous sauver des incendies<\/a><br \/>Cl\u00e9mence Allietta, 23\u00a0ans, a \u00e9t\u00e9 r\u00e9compens\u00e9e d\u00e9but octobre\u00a02025 par le Prix Jeunes Talents L\u2019Or\u00e9al-Unesco pour les femmes et la science. Une distinction octroy\u00e9e chaque ann\u00e9e \u00e0 de jeunes chercheuses afin de visibiliser leur travail et inciter les jeunes filles \u00e0 s\u2019orienter vers les fili\u00e8res scientifiques. Son objet d\u2019\u00e9tude\u2009: l\u2019exploration de ph\u00e9nom\u00e8nes atmosph\u00e9riques extr\u00eames \u00e0 l\u2019aide de mesures satellitaires, en se concentrant sur l\u2019\u00e9tude des panaches de fum\u00e9e issus des m\u00e9gafeux, des incendies de for\u00eat de tr\u00e8s grande ampleur.<\/p>\n<p class=\" wall-content\">Personnalisez votre actualit\u00e9 en ajoutant vos villes et m\u00e9dias en favori avec <a href=\"https:\/\/moncompte.actu.fr\" title=\"D\u00e9couvez Mon Actu\" rel=\"nofollow noopener\" data-trk=\"{&quot;cta&quot;:{&quot;action&quot;:&quot;https:\\\/\\\/moncompte.actu.fr&quot;,&quot;category&quot;:&quot;mon compte&quot;,&quot;from&quot;:&quot;article footer&quot;,&quot;name&quot;:&quot;Mon actu&quot;,&quot;type&quot;:&quot;cta&quot;}}\" target=\"_blank\">Mon Actu<\/a>.<\/p>\n","protected":false},"excerpt":{"rendered":"Par Glenn Gillet Publi\u00e9 le 19 oct. 2025 \u00e0 18h01 Une actualit\u00e9 plus que charg\u00e9e dans la r\u00e9gion&hellip;\n","protected":false},"author":2,"featured_media":474531,"comment_status":"","ping_status":"","sticky":false,"template":"","format":"standard","meta":{"footnotes":""},"categories":[1592],"tags":[1111,11,1777,674,1011,27,6306,662,3094,12,626,25,104,798],"class_list":{"0":"post-475330","1":"post","2":"type-post","3":"status-publish","4":"format-standard","5":"has-post-thumbnail","7":"category-ile-de-france","8":"tag-actu","9":"tag-actualites","10":"tag-eu","11":"tag-europe","12":"tag-fr","13":"tag-france","14":"tag-grand-paris","15":"tag-ile-de-france","16":"tag-musee-du-louvre","17":"tag-news","18":"tag-paris","19":"tag-republique-francaise","20":"tag-societe","21":"tag-violences-conjugales"},"share_on_mastodon":{"url":"https:\/\/pubeurope.com\/@fr\/115402278464331360","error":""},"_links":{"self":[{"href":"https:\/\/www.europesays.com\/fr\/wp-json\/wp\/v2\/posts\/475330","targetHints":{"allow":["GET"]}}],"collection":[{"href":"https:\/\/www.europesays.com\/fr\/wp-json\/wp\/v2\/posts"}],"about":[{"href":"https:\/\/www.europesays.com\/fr\/wp-json\/wp\/v2\/types\/post"}],"author":[{"embeddable":true,"href":"https:\/\/www.europesays.com\/fr\/wp-json\/wp\/v2\/users\/2"}],"replies":[{"embeddable":true,"href":"https:\/\/www.europesays.com\/fr\/wp-json\/wp\/v2\/comments?post=475330"}],"version-history":[{"count":0,"href":"https:\/\/www.europesays.com\/fr\/wp-json\/wp\/v2\/posts\/475330\/revisions"}],"wp:featuredmedia":[{"embeddable":true,"href":"https:\/\/www.europesays.com\/fr\/wp-json\/wp\/v2\/media\/474531"}],"wp:attachment":[{"href":"https:\/\/www.europesays.com\/fr\/wp-json\/wp\/v2\/media?parent=475330"}],"wp:term":[{"taxonomy":"category","embeddable":true,"href":"https:\/\/www.europesays.com\/fr\/wp-json\/wp\/v2\/categories?post=475330"},{"taxonomy":"post_tag","embeddable":true,"href":"https:\/\/www.europesays.com\/fr\/wp-json\/wp\/v2\/tags?post=475330"}],"curies":[{"name":"wp","href":"https:\/\/api.w.org\/{rel}","templated":true}]}}