{"id":475335,"date":"2025-10-19T18:39:15","date_gmt":"2025-10-19T18:39:15","guid":{"rendered":"https:\/\/www.europesays.com\/fr\/475335\/"},"modified":"2025-10-19T18:39:15","modified_gmt":"2025-10-19T18:39:15","slug":"municipales-a-paris-clement-beaune-reclame-un-vote-des-militants-renaissance-et-met-en-garde-contre-un-soutien-a-rachida-dati-actualites","status":"publish","type":"post","link":"https:\/\/www.europesays.com\/fr\/475335\/","title":{"rendered":"Municipales \u00e0 Paris : Cl\u00e9ment Beaune r\u00e9clame un vote des militants Renaissance et met en garde contre un soutien \u00e0 Rachida Dati : Actualit\u00e9s"},"content":{"rendered":"<p class=\"lead \"><strong>Selon une information du Parisien, le Haut-commissaire au Plan souhaite qu\u2019un candidat Renaissance soit d\u00e9sign\u00e9 pour faire face, notamment, \u00e0 Rachida Dati lors des \u00e9lections municipales de 2026 dans la capitale. Dans une lettre envoy\u00e9e aux militants parisiens du mouvement, il appelle \u00e0 organiser un vote interne.<\/strong><\/p>\n<p class=\"lead \">\u00c0 quelques mois des municipales de 2026, Cl\u00e9ment Beaune met la pression sur son camp. Dans une lettre adress\u00e9e aux adh\u00e9rents de Renaissance, r\u00e9v\u00e9l\u00e9e par <a href=\"https:\/\/www.leparisien.fr\/elections\/municipales\/municipales-a-paris-clement-beaune-reclame-un-vote-des-militants-macronistes-17-10-2025-F54JUX5RHRFT5CAGS4GPQ52W5U.php\" target=\"_blank\" rel=\"nofollow noopener\">Le Parisien<\/a> vendredi 17 octobre, l\u2019actuel Haut-commissaire au Plan demande l\u2019organisation d\u2019un vote des militants pour d\u00e9signer le candidat du parti \u00e0 la mairie de Paris.<\/p>\n<p class=\"lead \">Pour l\u2019ex-ministre des Transports, il n\u2019est pas question de servir de \u00ab\u00a0marchepied d\u2019une candidature r\u00e9publicaine qui ne repr\u00e9sente ni nos id\u00e9es, ni nos valeurs\u00a0\u00bb. Soit un message \u00e0 peine camoufl\u00e9 aux soutiens de Rachida Dati, ministre de la Culture et probable candidate LR aux municipales parisiennes. \u00ab\u00a0Renaissance mourra s\u2019il soutient une candidature qui ne partage ni nos id\u00e9es ni nos valeurs\u00a0\u00bb, a soulign\u00e9 Cl\u00e9ment Beaune, indique <a href=\"https:\/\/www.lefigaro.fr\/politique\/municipales-2026-a-paris-beaune-appelle-les-macronistes-a-ne-pas-servir-de-marchepied-a-dati-et-se-dit-pret-a-mener-le-combat-20251019\" target=\"_blank\" rel=\"nofollow noopener\">Le Figaro<\/a>, affirmant ainsi vouloir pr\u00e9server l\u2019ind\u00e9pendance politique du parti face \u00e0 la tentation d\u2019un rapprochement avec la droite.<\/p>\n<p>                                                                                                Beaune ouvert \u00e0 une candidature du \u00ab\u00a0bloc central\u00a0\u00bb<\/p>\n<p class=\"lead \">Selon <a href=\"https:\/\/www.bfmtv.com\/politique\/elections\/municipales\/je-suis-pret-a-mener-ce-combat-clement-beaune-veut-un-candidat-renaissance-a-la-mairie-de-paris-face-a-rachida-dati_AN-202510180367.html\" target=\"_blank\" rel=\"nofollow noopener\">BFMTV<\/a>, Cl\u00e9ment Beaune se dit \u00ab\u00a0pr\u00eat \u00e0 mener ce combat\u00a0\u00bb tout en laissant la porte ouverte \u00e0 une candidature issue du \u00ab\u00a0bloc central\u00a0\u00bb, si celle-ci correspond \u00e0 l\u2019esprit de Renaissance. \u00ab\u00a0Je le dis aussi : ce qui m&rsquo;importe avant tout, dans un moment si critique, c&rsquo;est le succ\u00e8s collectif et la d\u00e9fense de nos valeurs. Une certaine id\u00e9e de la politique. Dans un esprit d&rsquo;union, nous devons \u00eatre ouverts \u00e0 soutenir un candidat du bloc central qui partagerait notre projet et notre \u00e9thique\u00a0\u00bb, affirme-t-il.<\/p>\n<p class=\"lead \">Cl\u00e9ment Beaune consid\u00e8re notamment le d\u00e9put\u00e9 Horizons Pierre-Yves Bournazel comme possible partenaire, alors que ce dernier, qui s\u2019est d\u00e9j\u00e0 pr\u00e9sent\u00e9 deux fois aux municipales, a annonc\u00e9 sa candidature pour 2026 en juin dernier dans <a href=\"https:\/\/www.leparisien.fr\/elections\/municipales\/municipales-a-paris-pierre-yves-bournazel-candidat-anti-pagaille-02-06-2025-Q6JCP5US7RALRHZMSGFRDYZXDI.php\" target=\"_blank\" rel=\"nofollow noopener\">Le Parisien<\/a>. \u00c0 cinq mois du scrutin, le mouvement pr\u00e9sidentiel cherche encore sa strat\u00e9gie pour peser dans la bataille parisienne.<\/p>\n<p class=\"small font-weight-bold text-gray3 \"> publi\u00e9 le 19 octobre \u00e0 20h25, <\/p>\n<p>                             Partager<\/p>\n","protected":false},"excerpt":{"rendered":"Selon une information du Parisien, le Haut-commissaire au Plan souhaite qu\u2019un candidat Renaissance soit d\u00e9sign\u00e9 pour faire face,&hellip;\n","protected":false},"author":2,"featured_media":475336,"comment_status":"","ping_status":"","sticky":false,"template":"","format":"standard","meta":{"footnotes":""},"categories":[1888],"tags":[11,1777,674,1011,27,12,626,25],"class_list":{"0":"post-475335","1":"post","2":"type-post","3":"status-publish","4":"format-standard","5":"has-post-thumbnail","7":"category-paris","8":"tag-actualites","9":"tag-eu","10":"tag-europe","11":"tag-fr","12":"tag-france","13":"tag-news","14":"tag-paris","15":"tag-republique-francaise"},"share_on_mastodon":{"url":"https:\/\/pubeurope.com\/@fr\/115402294166556280","error":""},"_links":{"self":[{"href":"https:\/\/www.europesays.com\/fr\/wp-json\/wp\/v2\/posts\/475335","targetHints":{"allow":["GET"]}}],"collection":[{"href":"https:\/\/www.europesays.com\/fr\/wp-json\/wp\/v2\/posts"}],"about":[{"href":"https:\/\/www.europesays.com\/fr\/wp-json\/wp\/v2\/types\/post"}],"author":[{"embeddable":true,"href":"https:\/\/www.europesays.com\/fr\/wp-json\/wp\/v2\/users\/2"}],"replies":[{"embeddable":true,"href":"https:\/\/www.europesays.com\/fr\/wp-json\/wp\/v2\/comments?post=475335"}],"version-history":[{"count":0,"href":"https:\/\/www.europesays.com\/fr\/wp-json\/wp\/v2\/posts\/475335\/revisions"}],"wp:featuredmedia":[{"embeddable":true,"href":"https:\/\/www.europesays.com\/fr\/wp-json\/wp\/v2\/media\/475336"}],"wp:attachment":[{"href":"https:\/\/www.europesays.com\/fr\/wp-json\/wp\/v2\/media?parent=475335"}],"wp:term":[{"taxonomy":"category","embeddable":true,"href":"https:\/\/www.europesays.com\/fr\/wp-json\/wp\/v2\/categories?post=475335"},{"taxonomy":"post_tag","embeddable":true,"href":"https:\/\/www.europesays.com\/fr\/wp-json\/wp\/v2\/tags?post=475335"}],"curies":[{"name":"wp","href":"https:\/\/api.w.org\/{rel}","templated":true}]}}