{"id":475364,"date":"2025-10-19T18:58:11","date_gmt":"2025-10-19T18:58:11","guid":{"rendered":"https:\/\/www.europesays.com\/fr\/475364\/"},"modified":"2025-10-19T18:58:11","modified_gmt":"2025-10-19T18:58:11","slug":"live-f1-suivez-le-grand-prix-des-etats-unis-en-direct-live-texte","status":"publish","type":"post","link":"https:\/\/www.europesays.com\/fr\/475364\/","title":{"rendered":"LIVE F1 &#8211; Suivez le Grand Prix des \u00c9tats-Unis en direct | Live Texte"},"content":{"rendered":"<p>Avant de parler de la course de ce dimanche, retour sur la course sprint qui avait lieu samedi. Max Verstappen s&rsquo;est une nouvelle fois impos\u00e9 dans cet exercice, reprenant huit points aux deux pilotes McLaren dans la course au titre, ces derniers \u00e9tant pris dans un accrochage dans le premier tour. Sous le drapeau \u00e0 damier, le pilote Red Bull a devanc\u00e9 George Russell et Carlos Sainz.<\/p>\n<p><img decoding=\"async\" class=\"sizer\" draggable=\"false\" src=\"data:image\/png;base64,iVBORw0KGgoAAAANSUhEUgAAABAAAAAJCAYAAAA7KqwyAAAAGXRFWHRTb2Z0d2FyZQBBZG9iZSBJbWFnZVJlYWR5ccllPAAAABpJREFUeNpi\/P\/\/PwMlgImBQjBqwLAwACDAAOVfAw9\/ZDvcAAAAAElFTkSuQmCC\" alt=\"\"\/><\/p>\n<p class=\"title\">VID\u00c9O &#8211; R\u00c9SUM\u00c9 : Les meilleurs moments du sprint du GP des \u00c9tats-Unis<\/p>\n","protected":false},"excerpt":{"rendered":"Avant de parler de la course de ce dimanche, retour sur la course sprint qui avait lieu samedi.&hellip;\n","protected":false},"author":2,"featured_media":475365,"comment_status":"","ping_status":"","sticky":false,"template":"","format":"standard","meta":{"footnotes":""},"categories":[1412],"tags":[1451,1452,1453,1454,1455,1011,27,60],"class_list":{"0":"post-475364","1":"post","2":"type-post","3":"status-publish","4":"format-standard","5":"has-post-thumbnail","7":"category-f1","8":"tag-f1","9":"tag-formula-1","10":"tag-formula1","11":"tag-formule-1","12":"tag-formule1","13":"tag-fr","14":"tag-france","15":"tag-sports"},"share_on_mastodon":{"url":"https:\/\/pubeurope.com\/@fr\/115402368834427197","error":""},"_links":{"self":[{"href":"https:\/\/www.europesays.com\/fr\/wp-json\/wp\/v2\/posts\/475364","targetHints":{"allow":["GET"]}}],"collection":[{"href":"https:\/\/www.europesays.com\/fr\/wp-json\/wp\/v2\/posts"}],"about":[{"href":"https:\/\/www.europesays.com\/fr\/wp-json\/wp\/v2\/types\/post"}],"author":[{"embeddable":true,"href":"https:\/\/www.europesays.com\/fr\/wp-json\/wp\/v2\/users\/2"}],"replies":[{"embeddable":true,"href":"https:\/\/www.europesays.com\/fr\/wp-json\/wp\/v2\/comments?post=475364"}],"version-history":[{"count":0,"href":"https:\/\/www.europesays.com\/fr\/wp-json\/wp\/v2\/posts\/475364\/revisions"}],"wp:featuredmedia":[{"embeddable":true,"href":"https:\/\/www.europesays.com\/fr\/wp-json\/wp\/v2\/media\/475365"}],"wp:attachment":[{"href":"https:\/\/www.europesays.com\/fr\/wp-json\/wp\/v2\/media?parent=475364"}],"wp:term":[{"taxonomy":"category","embeddable":true,"href":"https:\/\/www.europesays.com\/fr\/wp-json\/wp\/v2\/categories?post=475364"},{"taxonomy":"post_tag","embeddable":true,"href":"https:\/\/www.europesays.com\/fr\/wp-json\/wp\/v2\/tags?post=475364"}],"curies":[{"name":"wp","href":"https:\/\/api.w.org\/{rel}","templated":true}]}}