{"id":475370,"date":"2025-10-19T19:01:12","date_gmt":"2025-10-19T19:01:12","guid":{"rendered":"https:\/\/www.europesays.com\/fr\/475370\/"},"modified":"2025-10-19T19:01:12","modified_gmt":"2025-10-19T19:01:12","slug":"patrick-bruel-et-amanda-sthers-toujours-tres-proches-echanges-complices-ponctues-dune-mysterieuse-lettre-majuscule","status":"publish","type":"post","link":"https:\/\/www.europesays.com\/fr\/475370\/","title":{"rendered":"Patrick Bruel et Amanda Sthers toujours tr\u00e8s proches : \u00e9changes complices ponctu\u00e9s d\u2019une myst\u00e9rieuse lettre majuscule"},"content":{"rendered":"<p class=\"p1\">Leur mariage a \u00e9t\u00e9 de courte dur\u00e9e. Entre 2004 et<br \/>\n2007, <strong>Patrick Bruel et Amanda Sthers<\/strong> ont v\u00e9cu une<br \/>\n<a href=\"https:\/\/www.closermag.fr\/people\/je-lui-ai-demande-si-patrick-bruel-tres-touchant-sur-son-histoire-damour-avec-amanda-sthers-3414708\" target=\"_blank\" rel=\"noopener\"><br \/>\nbelle histoire d\u2019amour<\/a>. S\u2019ils ont eu deux enfants, Oscar et<br \/>\nL\u00e9on, ils se sont rapidement s\u00e9par\u00e9s. Depuis, ils ont cependant<br \/>\ngard\u00e9 <strong>beaucoup d\u2019affection<\/strong> l\u2019un pour l\u2019autre.<\/p>\n<p class=\"p1\">Mercredi 1er octobre, <a href=\"https:\/\/www.closermag.fr\/people\/amanda-sthers-qui-ont-ete-les-hommes-de-sa-vie-1061007\" target=\"_blank\" rel=\"noopener\"><br \/>\nAmanda Sthers<\/a> a d\u00e9voil\u00e9 <strong>son nouveau roman<\/strong>,<br \/>\nintitul\u00e9 sobrement C (Ed. Grasset). Son ex-mari a alors<br \/>\ntenu \u00e0 le lire et a d\u00e9couvert avec \u00e9motion un ouvrage sur le<br \/>\nmassacre du 7 octobre 2023. Deux semaines plus tard, il a donn\u00e9 un<br \/>\n<strong>avis sinc\u00e8re<\/strong> sur les r\u00e9seaux sociaux.<\/p>\n<p>Patrick Bruel fait l\u2019\u00e9loge d\u2019Amanda Sthers<\/p>\n<p class=\"p1\">Jeudi 16 octobre, <a href=\"https:\/\/www.telestar.fr\/people\/patrick-bruel-et-le-poker-parcours-style-et-conseils-dune-legende-1725601\" target=\"_blank\" rel=\"noopener\">Patrick Bruel<\/a> a publi\u00e9 une photo<br \/>\nsur Instagram avec <strong>le roman d\u2019Amanda Sthers<\/strong>.<br \/>\n\u201cRarement on aura trait\u00e9 un sujet si important avec autant de<br \/>\nforce et de d\u00e9licatesse ! Bravo Amanda Sthers\u201d, a-t-il<br \/>\ncommenc\u00e9. Visiblement c<strong>onquis par cette lecture<\/strong>,<br \/>\nl\u2019acteur a ensuite expliqu\u00e9 qu\u2019il ne s\u2019attendait pas \u00e0 \u201clire un<br \/>\nroman si particulier et accessible \u00e0 la fois\u201d qui \u201ctraite<br \/>\navec maestria de l\u2019actualit\u00e9 imm\u00e9diate en la plongeant dans notre<br \/>\nquotidien, en la d\u00e9calant pour en rire\u2026 pour ne pas<br \/>\nmourir\u201d.<\/p>\n<p class=\"p1\">Finalement, <a href=\"https:\/\/www.closermag.fr\/people\/amanda-sthers-inquiete-pour-leon-le-fils-quelle-a-eue-avec-patrick-bruel-cette-ombre-tres-forte-qui-lui-plane-au-dessus-3513433\" target=\"_blank\" rel=\"noopener\"><br \/>\nle papa d\u2019Oscar et L\u00e9on<\/a> a conclu en estimant : \u201cC\u2019est<br \/>\nkafka\u00efen, puissant, dr\u00f4le, inventif, courageux. C\u2019est C\u201d. Une<br \/>\nr\u00e9f\u00e9rence directe au <strong>titre du livre<\/strong> qui renvoie<br \/>\nnotamment \u00e0 la \u201cconnerie\u201d. Apr\u00e8s cette publication, Amanda<br \/>\nSthers a comment\u00e9 : \u201cMerci\u201d.<\/p>\n<blockquote class=\"instagram-media\" style=\"background: #ffffff;border: 0;margin: 1px;width: 100%;padding: 0;max-width: 500px;\" data-instgrm-permalink=\"https:\/\/www.instagram.com\/p\/DP3ncHEjIaN\/\" data-instgrm-version=\"14\"\/><p>\nLe chanteur \u00e9change r\u00e9guli\u00e8rement<br \/>\navec son ex-femme<\/p>\n<p class=\"p1\">Malgr\u00e9 son divorce avec l\u2019\u00e9crivaine, Patrick Bruel a<br \/>\n<strong>toujours gard\u00e9 le contact<\/strong> avec elle. En janvier<br \/>\ndernier, il avait d\u00e9j\u00e0 mis en avant son livre Les Gestes<br \/>\n(Ed. Stock) sur Instagram. Six mois plus tard, son ex-femme lui<br \/>\navait rendu la pareille en faisant l\u2019\u00e9loge de <a href=\"https:\/\/www.closermag.fr\/people\/patrick-bruel-vise-par-des-critiques-sur-son-hotel-de-luxe-il-sort-la-sulfateuse-3582928\" target=\"_blank\" rel=\"noopener\"><br \/>\nson h\u00f4tel de luxe<\/a> dans le sud de la France.<\/p>\n<p class=\"p1\">Dans sa story Instagram, Amanda Sthers avait r\u00e9v\u00e9l\u00e9<br \/>\navoir pass\u00e9 un \u201cd\u00eener d\u00e9licieux et accueil chaleureux\u201d<br \/>\navec ses deux fils. Elle avait ensuite avou\u00e9 : \u201cAvec un peu de<br \/>\npiston, certes ! Merci Patrick Bruel\u201d. Des <a href=\"https:\/\/www.closermag.fr\/people\/patrick-bruel-et-amanda-sthers-toujours-tres-proches-une-fois-de-plus-le-chanteur-bouleverse-par-son-ex-3519164\" target=\"_blank\" rel=\"noopener\"><br \/>\n\u00e9changes complices<\/a> qui t\u00e9moignent de leur <strong>bonne<br \/>\nentente<\/strong>, plus de 18 ans apr\u00e8s leur s\u00e9paration.<\/p>\n<p><script async src=\"\/\/www.instagram.com\/embed.js\"><\/script><\/p>\n","protected":false},"excerpt":{"rendered":"Leur mariage a \u00e9t\u00e9 de courte dur\u00e9e. Entre 2004 et 2007, Patrick Bruel et Amanda Sthers ont v\u00e9cu&hellip;\n","protected":false},"author":2,"featured_media":475371,"comment_status":"","ping_status":"","sticky":false,"template":"","format":"standard","meta":{"footnotes":""},"categories":[1359],"tags":[59873,58,59,1011,27,5473,973],"class_list":{"0":"post-475370","1":"post","2":"type-post","3":"status-publish","4":"format-standard","5":"has-post-thumbnail","7":"category-people","8":"tag-amanda-sthers","9":"tag-divertissement","10":"tag-entertainment","11":"tag-fr","12":"tag-france","13":"tag-patrick-bruel","14":"tag-people"},"share_on_mastodon":{"url":"https:\/\/pubeurope.com\/@fr\/115402380705384351","error":""},"_links":{"self":[{"href":"https:\/\/www.europesays.com\/fr\/wp-json\/wp\/v2\/posts\/475370","targetHints":{"allow":["GET"]}}],"collection":[{"href":"https:\/\/www.europesays.com\/fr\/wp-json\/wp\/v2\/posts"}],"about":[{"href":"https:\/\/www.europesays.com\/fr\/wp-json\/wp\/v2\/types\/post"}],"author":[{"embeddable":true,"href":"https:\/\/www.europesays.com\/fr\/wp-json\/wp\/v2\/users\/2"}],"replies":[{"embeddable":true,"href":"https:\/\/www.europesays.com\/fr\/wp-json\/wp\/v2\/comments?post=475370"}],"version-history":[{"count":0,"href":"https:\/\/www.europesays.com\/fr\/wp-json\/wp\/v2\/posts\/475370\/revisions"}],"wp:featuredmedia":[{"embeddable":true,"href":"https:\/\/www.europesays.com\/fr\/wp-json\/wp\/v2\/media\/475371"}],"wp:attachment":[{"href":"https:\/\/www.europesays.com\/fr\/wp-json\/wp\/v2\/media?parent=475370"}],"wp:term":[{"taxonomy":"category","embeddable":true,"href":"https:\/\/www.europesays.com\/fr\/wp-json\/wp\/v2\/categories?post=475370"},{"taxonomy":"post_tag","embeddable":true,"href":"https:\/\/www.europesays.com\/fr\/wp-json\/wp\/v2\/tags?post=475370"}],"curies":[{"name":"wp","href":"https:\/\/api.w.org\/{rel}","templated":true}]}}