{"id":475380,"date":"2025-10-19T19:06:12","date_gmt":"2025-10-19T19:06:12","guid":{"rendered":"https:\/\/www.europesays.com\/fr\/475380\/"},"modified":"2025-10-19T19:06:12","modified_gmt":"2025-10-19T19:06:12","slug":"en-promo-a-new-york-marion-cotillard-jure-quelle-evite-de-prendre-lavion","status":"publish","type":"post","link":"https:\/\/www.europesays.com\/fr\/475380\/","title":{"rendered":"En promo \u00e0 New York, Marion Cotillard jure qu\u2019elle \u00e9vite de prendre l\u2019avion"},"content":{"rendered":"<p>Actrice tr\u00e8s demand\u00e9e aux \u00c9tats-Unis, Marion Cotillard a boucl\u00e9, il y a quelques mois, le tournage de la saison 4 de la s\u00e9rie The Morning Show. Elle y donne la r\u00e9plique aux stars Reese Witherspoon et Jennifer Aniston sous les traits d\u2019une riche et f\u00e9roce h\u00e9riti\u00e8re. C\u2019est afin de promouvoir ce projet que la Fran\u00e7aise fait actuellement la tourn\u00e9e des plateaux t\u00e9l\u00e9 am\u00e9ricains. Apr\u00e8s ABC News et Today, elle a r\u00e9pondu, il y a quelques jours, aux questions de la chanteuse et animatrice Kelly Clarkson, dont <a href=\"https:\/\/www.youtube.com\/watch?v=VaQac5_7pP4\" target=\"_blank\" rel=\"noopener\">le talk-show<\/a> est enregistr\u00e9 \u00e0 New York. L\u2019occasion pour elle de confier l\u2019attachement qui la lie \u00e0 la m\u00e9galopole am\u00e9ricaine. \u00ab J\u2019habite \u00e0 Paris, mais je viens parfois \u00e0 New York. Pas aussi souvent que j\u2019aimerais parce que je ne veux pas prendre trop l\u2019avion&#8230; Je regrette que l\u2019avion ne soit pas plus \u00e9cologique. Si c\u2019\u00e9tait le cas, je pourrais venir plus fr\u00e9quemment\u2026 \u00bb, a-t-elle confi\u00e9. Et d\u2019ajouter, dans la foul\u00e9e : \u00ab Mais je vais aussi \u00e0 Los Angeles, car une partie de ma famille vit en Californie ! \u00bb De quoi cumuler pas mal de miles.<\/p>\n<blockquote class=\"twitter-tweet\" data-media-max-width=\"560\">\n<p dir=\"ltr\" lang=\"fr\">En pleine tourn\u00e9e promo \u00e0 l&rsquo;autre bout du monde, Marion Cotillard reproche \u00e0 l\u2019avion de ne pas \u00eatre assez \u00ab \u00e9colo \u00bb&#8230; Cherchez l&rsquo;erreur. <a href=\"https:\/\/t.co\/01NhKHV7wq\">pic.twitter.com\/01NhKHV7wq<\/a><\/p>\n<p>\u2014 Jean Kast (@jeankastoff) <a href=\"https:\/\/twitter.com\/jeankastoff\/status\/1979876496530681927?ref_src=twsrc%5Etfw\" target=\"_blank\" rel=\"noopener\">October 19, 2025<\/a><\/p>\n<\/blockquote>\n<p>Plus tard dans l\u2019\u00e9mission, la Parisienne a racont\u00e9 avoir boucl\u00e9 pas moins de trois tournages diff\u00e9rents \u00e0 New York, en moins d\u2019un an, alors que son fils \u00e9tait encore un b\u00e9b\u00e9. C\u2019est d\u2019ailleurs l\u00e0-bas que le petit Marcel aurait fait ses premiers pas. \u00c7a en fait, des allers-retours entre la France et les \u00c9tats-Unis. Pas tr\u00e8s \u00ab\u00a0green\u00a0\u00bb, tout \u00e7a&#8230; Heureusement, la com\u00e9dienne a achev\u00e9 l\u2019interview en rappelant l\u2019importance de son engagement \u00e9cologiste. Un militantisme qui l\u2019a notamment conduite jusqu\u2019aux terres lointaines de l\u2019Antarctique, en 2020. \u00ab\u00a0C\u2019\u00e9tait un voyage fait pour Greenpeace, c\u2019\u00e9tait tr\u00e8s important pour moi d\u2019y aller\u00a0!\u00a0\u00bb, a-t-elle jur\u00e9, face \u00e0 une Kelly Clarkson m\u00e9dus\u00e9e.<\/p>\n<p>Une actrice pleine de contradictions<\/p>\n<p>L\u2019engagement vert de Marion Cotillard ne date en effet pas d\u2019hier. Apr\u00e8s avoir sign\u00e9 une tribune dans <a href=\"https:\/\/www.lemonde.fr\/idees\/article\/2021\/07\/11\/cannes-2021-combien-de-films-nous-ont-ouvert-les-yeux-sur-des-realites-que-nous-ne-voulions-pas-voir_6087893_3232.html\" target=\"_blank\" rel=\"noopener\">Le Monde<\/a>, en 2021, pour demander au monde du cin\u00e9ma de s\u2019int\u00e9resser davantage \u00e0 la crise climatique, la com\u00e9dienne a produit le documentaire \u00e9colo Bigger Than Us, de Flore Vasseur, puis cofond\u00e9 Newtopia, une maison de production qui veut proposer <a href=\"https:\/\/www.telerama.fr\/festival-de-cannes\/marion-cotillard-et-cyril-dion-creent-leur-societe-de-production-pour-imaginer-un-futur-desirable-7010479.php\" target=\"_blank\" rel=\"noopener\">\u00ab des r\u00e9cits ambitieux pour imaginer un monde soutenable et d\u00e9sirable \u00bb<\/a>. En bonne militante, elle n\u2019a pas manqu\u00e9 de transmettre ses lubies \u00e0 ses tout jeunes enfants. \u00ab <a href=\"https:\/\/www.tf1info.fr\/culture\/militante-ecolo-marion-cotillard-assume-ses-contradictions-2238213.html\" target=\"_blank\" rel=\"noopener\">Mon fils est d\u00e9j\u00e0 tr\u00e8s sensible aux questions environnementales<\/a>, humaines, et r\u00e9agit \u00e0 l&rsquo;actualit\u00e9 \u00bb, confiait-elle, pas peu fi\u00e8re, \u00e0 Marie Claire, en 2022. Le petit Marcel aurait ainsi \u00e9t\u00e9 tr\u00e8s en col\u00e8re contre Kylian Mbapp\u00e9 et Christophe Galtier qui, lors d\u2019une conf\u00e9rence de presse en 2022, avaient os\u00e9 <a href=\"https:\/\/www.lemonde.fr\/planete\/article\/2022\/09\/05\/ecologie-interroge-sur-les-voyages-en-jets-christophe-galtier-prefere-ironiser-et-relance-le-debat-malgre-lui_6140311_3244.html\" target=\"_blank\" rel=\"noopener\">d\u00e9dramatiser le sujet du changement climatique<\/a>.<\/p>\n<p>\u00c9videmment, ce militantisme notoire expose Marion Cotillard \u00e0 de vives critiques. Peut-on sinc\u00e8rement prendre la pose sur les chalutiers de Greenpeace et s\u2019offrir, ensuite, <a href=\"https:\/\/www.cnews.fr\/people\/2023-06-26\/yacht-villa-los-angeles-marion-cotillard-vivement-critiquee-sur-les-reseaux-apres\" target=\"_blank\" rel=\"noopener\">quelques jours de repos sur un yacht de luxe<\/a> ? Est-il coh\u00e9rent de parcourir la plan\u00e8te en jet priv\u00e9 tout en protestant contre la d\u00e9forestation de l\u2019Amazonie ?<\/p>\n<blockquote class=\"twitter-tweet\">\n<p dir=\"ltr\" lang=\"fr\">Entre deux baignades, depuis son yacht, Marion Cotillard apporte son soutien ABSOLU aux Soul\u00e8vements de la Terre.<br \/>Quel courage <a href=\"https:\/\/t.co\/igDQFKm9VO\">pic.twitter.com\/igDQFKm9VO<\/a><\/p>\n<p>\u2014 BELeM (@Belem_74) <a href=\"https:\/\/twitter.com\/Belem_74\/status\/1673012135201239042?ref_src=twsrc%5Etfw\" target=\"_blank\" rel=\"noopener\">June 25, 2023<\/a><\/p>\n<\/blockquote>\n<p>R\u00e9guli\u00e8rement mise en cause, Marion Cotillard assume ses incoh\u00e9rences. \u00ab\u00a0J&rsquo;ai mes contradictions sur les v\u00eatements, avouait-elle, en 2022. J&rsquo;en consomme beaucoup, beaucoup moins qu&rsquo;avant, mais je dois bien avouer que quand j&rsquo;ach\u00e8te aujourd&rsquo;hui un v\u00eatement, c&rsquo;est plus pour me faire plaisir que par n\u00e9cessit\u00e9\u2026 \u00bb\u00a0\u00ab <a href=\"https:\/\/www.voici.fr\/tele\/je-ne-suis-pas-parfaite-marion-cotillard-sexplique-sur-ses-voyages-en-avion-malgre-sa-position-en-faveur-de-lecologie-zaptv-770665\" target=\"_blank\" rel=\"noopener\">Moi, je ne suis pas parfaite<\/a>, poursuivait-elle, en 2023, sur le plateau de C \u00e0 vous. J&rsquo;ai une partie de ma famille qui habite en Californie, et donc, j&rsquo;ai d\u00e9cid\u00e9 de ne pas arr\u00eater d&rsquo;aller les voir ! \u00bb\u00a0Faute avou\u00e9e \u00e0 moiti\u00e9 pardonn\u00e9e ?<\/p>\n<p>Un engagement tr\u00e8s \u00e0 gauche<\/p>\n<p>Mais l\u2019engagement de l\u2019actrice oscaris\u00e9e ne se limite h\u00e9las pas \u00e0 des discours sur les \u00e9conomies d\u2019\u00e9nergie ou la pr\u00e9servation des esp\u00e8ces animales. Il est autrement plus radical. Celle qui s\u2019est ouvertement <a href=\"https:\/\/www.leparisien.fr\/culture-loisirs\/cinema\/legislatives-2024-marion-cotillard-se-mobilise-contre-le-rassemblement-national-17-06-2024-JMWOVS2T2VF7VHSQNYX57JEB2E.php\" target=\"_blank\" rel=\"noopener\">mobilis\u00e9e contre le Rassemblement national<\/a> lors des l\u00e9gislatives de 2024 n\u2019a ainsi pas h\u00e9sit\u00e9 \u00e0 <a href=\"https:\/\/www.parismatch.com\/People\/Marion-Cotillard-demande-des-explications-au-gouvernement-apres-l-evacuation-musclee-des-militants-ecologistes-1634516\" target=\"_blank\" rel=\"noopener\">prendre la d\u00e9fense du mouvement extr\u00e9miste Extinction Rebellion<\/a>, en 2019. En juin 2023, elle a encore apport\u00e9 son <a href=\"https:\/\/www.parismatch.com\/people\/indignee-marion-cotillard-apporte-son-soutien-absolu-aux-soulevements-de-la-terre-226653\" target=\"_blank\" rel=\"noopener\">\u00ab soutien absolu \u00bb<\/a> aux Soul\u00e8vements de la Terre, ce collectif d\u2019ultra-gauche dont le minist\u00e8re de l\u2019Int\u00e9rieur avait demand\u00e9 la dissolution en raison de son \u00ab r\u00f4le majeur dans la conception, la diffusion et la l\u00e9gitimation de modes op\u00e9ratoires violents \u00bb. \u00ab Celles et ceux qui alertent sur la d\u00e9rive \u00e9minemment dangereuse de notre monde et de notre humanit\u00e9, les activistes qui demandent une action du gouvernement \u00e0 la hauteur de l\u2019urgence sont aujourd\u2019hui qualifi\u00e9s de criminels ou d\u2019\u00e9coterroristes \u00bb, s\u2019\u00e9tait alors \u00e9mue l\u2019actrice, <a href=\"https:\/\/www.instagram.com\/p\/Ct6ICWKKK3W\/?utm_source=ig_embed\" target=\"_blank\" rel=\"noopener\">sur Instagram<\/a>.<\/p>\n<blockquote class=\"twitter-tweet\">\n<p dir=\"ltr\" lang=\"fr\">\u00abLa d\u00e9rive s\u00e9curitaire de ce gouvernement est effrayante. Aujourd\u2019hui, dans notre pays, la libert\u00e9 est en danger. Soutien absolu au Soul\u00e8vements de la terre\u2026\u00bb Marion Cotillard est en col\u00e8re <a href=\"https:\/\/t.co\/1fQ5eJkLN2\">pic.twitter.com\/1fQ5eJkLN2<\/a><\/p>\n<p>\u2014 Destination Cin\u00e9 (@destinationcine) <a href=\"https:\/\/twitter.com\/destinationcine\/status\/1672964757559599104?ref_src=twsrc%5Etfw\" target=\"_blank\" rel=\"noopener\">June 25, 2023<\/a><\/p>\n<\/blockquote>\n<p>Mais qu\u2019adviendrait-il d\u2019une star de cin\u00e9ma aux convictions diam\u00e9tralement oppos\u00e9es\u00a0? Que deviendrait Marion Cotillard si elle prenait la d\u00e9fense de milices d\u2019extr\u00eame droite\u00a0? Serait-elle encore autoris\u00e9e \u00e0 fouler le tapis rouge\u00a0? Serait-elle toujours invit\u00e9e sur les plateaux t\u00e9l\u00e9 du monde entier\u00a0?<\/p>\n<p>                    <a href=\"#\" rel=\"nofollow\" onclick=\"window.print(); pfTrackEvent('En promo \u00e0 New York, Marion Cotillard jure qu\u2019elle \u00e9vite de prendre l\u2019avion'); return false;\" title=\"Printer Friendly, PDF &amp; Email\"><br \/>\n                    <img decoding=\"async\" src=\"https:\/\/www.europesays.com\/fr\/wp-content\/uploads\/2025\/04\/printfriendly-icon-sm.png\" alt=\"Print Friendly, PDF &amp; Email\" class=\"pf-button-img\" style=\"width: 17px;height: 17px;\"\/>Imprimer, enregistrer en PDF cet article<br \/>\n                    <\/a><br \/>\n                <script async src=\"https:\/\/platform.twitter.com\/widgets.js\" charset=\"utf-8\"><\/script><script async src=\"\/\/www.instagram.com\/embed.js\"><\/script><\/p>\n","protected":false},"excerpt":{"rendered":"Actrice tr\u00e8s demand\u00e9e aux \u00c9tats-Unis, Marion Cotillard a boucl\u00e9, il y a quelques mois, le tournage de la&hellip;\n","protected":false},"author":2,"featured_media":475381,"comment_status":"","ping_status":"","sticky":false,"template":"","format":"standard","meta":{"footnotes":""},"categories":[1354],"tags":[58,59,1346,1011,27,34774,1360],"class_list":{"0":"post-475380","1":"post","2":"type-post","3":"status-publish","4":"format-standard","5":"has-post-thumbnail","7":"category-films","8":"tag-divertissement","9":"tag-entertainment","10":"tag-films","11":"tag-fr","12":"tag-france","13":"tag-marion-cotillard","14":"tag-movies"},"share_on_mastodon":{"url":"","error":""},"_links":{"self":[{"href":"https:\/\/www.europesays.com\/fr\/wp-json\/wp\/v2\/posts\/475380","targetHints":{"allow":["GET"]}}],"collection":[{"href":"https:\/\/www.europesays.com\/fr\/wp-json\/wp\/v2\/posts"}],"about":[{"href":"https:\/\/www.europesays.com\/fr\/wp-json\/wp\/v2\/types\/post"}],"author":[{"embeddable":true,"href":"https:\/\/www.europesays.com\/fr\/wp-json\/wp\/v2\/users\/2"}],"replies":[{"embeddable":true,"href":"https:\/\/www.europesays.com\/fr\/wp-json\/wp\/v2\/comments?post=475380"}],"version-history":[{"count":0,"href":"https:\/\/www.europesays.com\/fr\/wp-json\/wp\/v2\/posts\/475380\/revisions"}],"wp:featuredmedia":[{"embeddable":true,"href":"https:\/\/www.europesays.com\/fr\/wp-json\/wp\/v2\/media\/475381"}],"wp:attachment":[{"href":"https:\/\/www.europesays.com\/fr\/wp-json\/wp\/v2\/media?parent=475380"}],"wp:term":[{"taxonomy":"category","embeddable":true,"href":"https:\/\/www.europesays.com\/fr\/wp-json\/wp\/v2\/categories?post=475380"},{"taxonomy":"post_tag","embeddable":true,"href":"https:\/\/www.europesays.com\/fr\/wp-json\/wp\/v2\/tags?post=475380"}],"curies":[{"name":"wp","href":"https:\/\/api.w.org\/{rel}","templated":true}]}}