{"id":475382,"date":"2025-10-19T19:07:09","date_gmt":"2025-10-19T19:07:09","guid":{"rendered":"https:\/\/www.europesays.com\/fr\/475382\/"},"modified":"2025-10-19T19:07:09","modified_gmt":"2025-10-19T19:07:09","slug":"journee-mondiale-contre-le-cancer-du-sein-sandra-mere-de-3-enfants-se-bat-contre-la-maladie","status":"publish","type":"post","link":"https:\/\/www.europesays.com\/fr\/475382\/","title":{"rendered":"Journ\u00e9e mondiale contre le cancer du sein\u00a0: Sandra, m\u00e8re de 3 enfants, se bat contre la maladie"},"content":{"rendered":"<p>Ce dimanche 19 octobre, \u00e0 l\u2019occasion de la Journ\u00e9e mondiale de la lutte contre le cancer du sein, d\u00e9couvrez le t\u00e9moignage de Sandra, 42 ans, originaire de Saint-Pierre.<\/p>\n<p>Maman de trois gar\u00e7ons, elle menait une vie active dans le m\u00e9dico-social et la restauration lorsqu\u2019en d\u00e9cembre 2021, \u00e0 presque 39 ans, elle a d\u00e9couvert une boule dans son sein droit.<\/p>\n<p>Le diagnostic, tomb\u00e9 en mars 2022, r\u00e9v\u00e8le un cancer du sein avanc\u00e9 (trois carcinomes lobulaires infiltrants). Elle suit un protocole de soins intensif\u00a0: mastectomie totale du sein droit, six s\u00e9ances de chimioth\u00e9rapie et vingt-cinq s\u00e9ances de radioth\u00e9rapie. Depuis f\u00e9vrier 2023, elle est sous hormonoth\u00e9rapie, pr\u00e9vue pour dix ans, tout en b\u00e9n\u00e9ficiant d\u2019un suivi psychologique pour surmonter une profonde d\u00e9pression.<\/p>\n<p>De retour \u00e0 La R\u00e9union en janvier 2023, Sandra se reconstruit progressivement gr\u00e2ce \u00e0 des soins supports (yoga, pilates, r\u00e9flexologie), l\u2019art-th\u00e9rapie, la phototh\u00e9rapie et la danse. Elle a \u00e9galement entam\u00e9 la reconstruction mammaire\u00a0: mastectomie droite en mars 2024, sym\u00e9trisation gauche en octobre 2024, et une derni\u00e8re phase pr\u00e9vue apr\u00e8s un contr\u00f4le prudent en septembre 2025.<\/p>\n<p>Malgr\u00e9 les s\u00e9quelles physiques et psychologiques, Sandra retrouve confiance et estime de soi, et envisage d\u00e9sormais une reconversion dans le milieu artistique. Son message est clair\u00a0: \u00ab\u00a0<strong>Faites-vous d\u00e9pister, parlez de la maladie et ne restez jamais isol\u00e9es<\/strong>.\u00a0\u00bb<\/p>\n<p>Pour elle, le cancer est plus qu\u2019une \u00e9preuve\u00a0: \u00ab\u00a0<strong>Mi l\u00e9 l\u00e0 et pli for ke jam\u00e9\u00a0!<\/strong>\u00a0\u00bb, affirme-t-elle.\u00a0<\/p>\n","protected":false},"excerpt":{"rendered":"Ce dimanche 19 octobre, \u00e0 l\u2019occasion de la Journ\u00e9e mondiale de la lutte contre le cancer du sein,&hellip;\n","protected":false},"author":2,"featured_media":475383,"comment_status":"","ping_status":"","sticky":false,"template":"","format":"standard","meta":{"footnotes":""},"categories":[10],"tags":[47,1011,27,72,6335,1922,6336,7224,71,104],"class_list":{"0":"post-475382","1":"post","2":"type-post","3":"status-publish","4":"format-standard","5":"has-post-thumbnail","7":"category-sante","8":"tag-actualite","9":"tag-fr","10":"tag-france","11":"tag-health","12":"tag-home-page","13":"tag-info","14":"tag-la-reunion","15":"tag-newsletter-soir","16":"tag-sante","17":"tag-societe"},"share_on_mastodon":{"url":"https:\/\/pubeurope.com\/@fr\/115402404299582249","error":""},"_links":{"self":[{"href":"https:\/\/www.europesays.com\/fr\/wp-json\/wp\/v2\/posts\/475382","targetHints":{"allow":["GET"]}}],"collection":[{"href":"https:\/\/www.europesays.com\/fr\/wp-json\/wp\/v2\/posts"}],"about":[{"href":"https:\/\/www.europesays.com\/fr\/wp-json\/wp\/v2\/types\/post"}],"author":[{"embeddable":true,"href":"https:\/\/www.europesays.com\/fr\/wp-json\/wp\/v2\/users\/2"}],"replies":[{"embeddable":true,"href":"https:\/\/www.europesays.com\/fr\/wp-json\/wp\/v2\/comments?post=475382"}],"version-history":[{"count":0,"href":"https:\/\/www.europesays.com\/fr\/wp-json\/wp\/v2\/posts\/475382\/revisions"}],"wp:featuredmedia":[{"embeddable":true,"href":"https:\/\/www.europesays.com\/fr\/wp-json\/wp\/v2\/media\/475383"}],"wp:attachment":[{"href":"https:\/\/www.europesays.com\/fr\/wp-json\/wp\/v2\/media?parent=475382"}],"wp:term":[{"taxonomy":"category","embeddable":true,"href":"https:\/\/www.europesays.com\/fr\/wp-json\/wp\/v2\/categories?post=475382"},{"taxonomy":"post_tag","embeddable":true,"href":"https:\/\/www.europesays.com\/fr\/wp-json\/wp\/v2\/tags?post=475382"}],"curies":[{"name":"wp","href":"https:\/\/api.w.org\/{rel}","templated":true}]}}