{"id":475387,"date":"2025-10-19T19:10:12","date_gmt":"2025-10-19T19:10:12","guid":{"rendered":"https:\/\/www.europesays.com\/fr\/475387\/"},"modified":"2025-10-19T19:10:12","modified_gmt":"2025-10-19T19:10:12","slug":"windows-10-cest-fini-voici-tout-ce-quil-faut-savoir-pour-la-securite-de-votre-pc","status":"publish","type":"post","link":"https:\/\/www.europesays.com\/fr\/475387\/","title":{"rendered":"Windows 10, c\u2019est fini, voici tout ce qu\u2019il faut savoir pour la s\u00e9curit\u00e9 de votre PC"},"content":{"rendered":"<p>        <img decoding=\"async\" loading=\"lazy\" src=\"https:\/\/www.europesays.com\/fr\/wp-content\/uploads\/2025\/10\/8375813_upload-1-h2b4ztsbktu9-mic10.jpg\"  width=\"728\" height=\"410\" alt=\"Microsoft est accus\u00e9 de forcer ses utilisateurs \u00e0 passer sous Windows 11\u00a0en mettant fin au support gratuit de la version pr\u00e9c\u00e9dente. \"\/>  <\/p>\n<p>Adobe Stock, Le HuffPost<\/p>\n<p>Microsoft est accus\u00e9 de forcer ses utilisateurs \u00e0 passer sous Windows 11\u00a0en mettant fin au support gratuit de la version pr\u00e9c\u00e9dente. <\/p>\n<p class=\"asset asset-text\">TECH &#8211; Il va falloir \u00eatre un peu plus vigilant, surtout si votre ordinateur n\u2019est pas tout r\u00e9cent. \u00c0 partir de ce mardi 14\u00a0octobre, <a href=\"https:\/\/www.huffingtonpost.fr\/international\/video\/les-bureaux-de-microsoft-envahis-par-des-employes-exigeant-que-le-geant-coupe-ses-liens-avec-israel_254065.html\" rel=\"nofollow noopener\" target=\"_blank\">Microsoft<\/a> arr\u00eate les mises \u00e0 jour gratuites pour son syst\u00e8me d\u2019exploitation Windows 10. Concr\u00e8tement, votre <a href=\"https:\/\/www.huffingtonpost.fr\/tech-futurs\/article\/aol-va-eteindre-ses-derniers-modems-et-met-fin-a-ce-bruit-mythique-pour-acceder-a-internet_253480.html\" rel=\"nofollow noopener\" target=\"_blank\">PC<\/a> sous Windows 10\u00a0ne va pas arr\u00eater de fonctionner, mais pour l\u2019utiliser en toute s\u00e9curit\u00e9 il faudra passer \u00e0 Windows 11\u00a0&#8211; ou chercher une solution alternative.<\/p>\n<p class=\"asset asset-text\">Parce que oui, la fin du support fourni par Microsoft s\u2019accompagne de risques. Comme l\u2019explique le site <a href=\"https:\/\/www.01net.com\/actualites\/la-fin-du-support-de-windows-10-est-pour-demain-voici-ce-quil-faut-faire-pour-garder-votre-pc-en-toute-securite.html\" target=\"_blank\" rel=\"noopener nofollow\" title=\"Nouvelle fen\u00eatre\">01net<\/a>, sp\u00e9cialis\u00e9 dans les nouvelles technologies, au fil du temps l\u2019absence de ces correctifs de s\u00e9curit\u00e9 r\u00e9guliers va laisser votre ordinateur vuln\u00e9rable face aux piratages, \u00e0 tel point qu\u2019un logiciel antivirus ne sera plus suffisant pour le prot\u00e9ger. Les applications que vous avez t\u00e9l\u00e9charg\u00e9es pourront elles aussi arr\u00eater d\u2019\u00eatre mises \u00e0 jour, voir cesser de fonctionner car elles ne seront plus compatibles avec <a href=\"https:\/\/www.huffingtonpost.fr\/tech-futurs\/video\/ce-message-d-erreur-emblematique-de-windows-disparait-et-toute-une-epoque-avec-lui_251910.html\" target=\"_blank\" rel=\"noopener nofollow\" title=\"Nouvelle fen\u00eatre\">Windows 10<\/a>.<\/p>\n<p class=\"asset asset-text\">Ces inconv\u00e9nients sont le r\u00e9sultat d\u2019une obsolescence programm\u00e9e, d\u00e9cid\u00e9e par Microsoft et critiqu\u00e9e par 22\u00a0organisations dont l\u2019UFC Que choisir ou Emma\u00fcs Connect. Dans <a href=\"https:\/\/www.halteobsolescence.org\/petitions\/non-a-la-taxe-windows\/\" target=\"_blank\" rel=\"noopener nofollow\" title=\"Nouvelle fen\u00eatre\">une p\u00e9tition<\/a> qui a r\u00e9colt\u00e9 pr\u00e8s de 50\u00a0000\u00a0signatures, ces derniers ont d\u00e9nonc\u00e9 la d\u00e9cision du g\u00e9ant am\u00e9ricain, qui veut selon eux \u00ab\u00a0forcer le passage \u00e0 Windows 11\u00a0\u00bb tout en pi\u00e9geant les centaines de millions d\u2019ordinateurs qui, bien que fonctionnels, seront incompatibles avec cette nouvelle version.<\/p>\n<p>    Un r\u00e9pit pour les particuliers europ\u00e9ens    <\/p>\n<p class=\"asset asset-text\">En effet, si votre ordinateur date d\u2019il y a environ six ans ou plus, et n\u2019est donc pas \u00e9quip\u00e9 d\u2019une puce TPM 2.0, le passage \u00e0 Windows 11\u00a0vous sera de toute fa\u00e7on impossible. D\u2019apr\u00e8s la p\u00e9tition, en France des milliers de personnes, d\u2019entreprises mais aussi d\u2019h\u00f4pitaux ou d\u2019administrations publiques sont concern\u00e9s.<\/p>\n<p class=\"asset asset-text\">Si c\u2019est votre cas, ou que vous ne savez pas encore quoi faire, la premi\u00e8re option consiste \u00e0 s\u2019inscrire \u00e0 l\u2019Extended Security Updates (ESU). Ce programme de mises \u00e0 jour prolong\u00e9es propos\u00e9 par Microsoft permettra aux PC \u00e9ligibles de recevoir des patchs de s\u00e9curit\u00e9 jusqu\u2019au 13\u00a0octobre\u00a02026. Une option totalement gratuite pour les particuliers r\u00e9sidant dans l\u2019Espace \u00e9conomique europ\u00e9en, mais payante pour les entreprises.<\/p>\n<p class=\"asset asset-text\">\u00ab\u00a0Le prix de ces mises \u00e0 jour de s\u00e9curit\u00e9 va doubler chaque ann\u00e9e\u00a0: 61\u00a0dollars\u00a0[53\u00a0euros]\u00a0la premi\u00e8re, puis 122 et enfin 244\u00a0dollars\u00a0\u00bb, a expliqu\u00e9 au <a href=\"https:\/\/www.lemonde.fr\/pixels\/article\/2025\/10\/13\/fin-des-mises-a-jour-gratuites-de-windows-10-des-millions-de-pc-sans-correctifs-c-est-un-risque-systemique-majeur_6646318_4408996.html\" target=\"_blank\" rel=\"noopener nofollow\" title=\"Nouvelle fen\u00eatre\">Monde<\/a> Henri d\u2019Agrain, d\u00e9l\u00e9gu\u00e9 g\u00e9n\u00e9ral du Club informatique des grandes entreprises fran\u00e7aises, regrettant \u00ab\u00a0une incitation punitive \u00e0 forcer la migration vers Windows 11\u00a0\u00bb.<\/p>\n<p>    Nouveau PC ou solutions de contournement    <\/p>\n<p class=\"asset asset-text\">Une fois ce sursis d\u2019un an pass\u00e9, il faudra alors enfin vous d\u00e9cider\u00a0\u00e0 passer \u00e0 Windows 11\u00a0si c\u2019est possible. Une man\u0153uvre qui selon <a href=\"https:\/\/www.lemonde.fr\/pixels\/article\/2025\/04\/14\/windows-11-l-absurde-politique-de-mise-a-jour-de-microsoft_6595723_4408996.html\" target=\"_blank\" rel=\"noopener nofollow\" title=\"Nouvelle fen\u00eatre\">Le Monde<\/a> n\u2019est d\u2019ailleurs pas si facile, car elle peut durer plus d\u2019une heure et bouleverser les habitudes des utilisateurs tant les menus \u00e9voluent avec cette nouvelle version.<\/p>\n<p class=\"asset asset-text\">Si installer Windows 11\u00a0n\u2019est pas une option, Microsoft vous conseille sans surprise d\u2019acheter un nouveau PC plus r\u00e9cent et donc compatible avec Windows 11. De son c\u00f4t\u00e9, <a href=\"https:\/\/www.01net.com\/actualites\/la-fin-du-support-de-windows-10-est-pour-demain-voici-ce-quil-faut-faire-pour-garder-votre-pc-en-toute-securite.html\" target=\"_blank\" rel=\"noopener nofollow\" title=\"Nouvelle fen\u00eatre\">01net<\/a> rappelle qu\u2019il existe des m\u00e9thodes pour installer Windows 11\u00a0sur un ordinateur non compatible, avec des outils tels que Rufus ou Flyoobe. Ces solutions ne sont cependant <a href=\"https:\/\/support.microsoft.com\/fr-fr\/windows\/windows-11-sur-les-appareils-qui-ne-r%C3%A9pondent-pas-%C3%A0-la-configuration-minimale-requise-0b2dc4a2-5933-4ad4-9c09-ef0a331518f1\" target=\"_blank\" rel=\"noopener nofollow\" title=\"Nouvelle fen\u00eatre\">pas recommand\u00e9es par Microsoft<\/a>, qui explique que si votre appareil n\u2019est pas compatible, il risque de ne pas recevoir les mises \u00e0 jour.<\/p>\n<p class=\"asset asset-text\">Selon le site <a href=\"https:\/\/www.lesnumeriques.com\/informatique\/c-est-aujourd-hui-windows-10-s-arrete-voici-vos-trois-options-n243942.html\" target=\"_blank\" rel=\"noopener nofollow\" title=\"Nouvelle fen\u00eatre\">Les Num\u00e9riques<\/a>, il existe une derni\u00e8re alternative pour les \u00ab\u00a0laiss\u00e9s-pour-compte\u00a0\u00bb de Windows 11\u00a0: basculer vers Linux. Ce syst\u00e8me d\u2019exploitation open source permet de reproduire l\u2019esth\u00e9tique de Windows 11, et d\u2019apr\u00e8s un tutoriel de <a href=\"https:\/\/www.01net.com\/astuces\/vous-mavez-force-a-passer-sous-linux-et-jai-presque-aime-ca.html\" target=\"_blank\" rel=\"noopener nofollow\" title=\"Nouvelle fen\u00eatre\">01net<\/a>, sa mise en place est rapide et la plupart des logiciels Windows ont un \u00e9quivalent Linux, m\u00eame si l\u2019installation des applications manque de fluidit\u00e9.<\/p>\n","protected":false},"excerpt":{"rendered":"Adobe Stock, Le HuffPost Microsoft est accus\u00e9 de forcer ses utilisateurs \u00e0 passer sous Windows 11\u00a0en mettant fin&hellip;\n","protected":false},"author":2,"featured_media":475388,"comment_status":"","ping_status":"","sticky":false,"template":"","format":"standard","meta":{"footnotes":""},"categories":[7],"tags":[1011,27,5533,35668,43,40,41,39,24551,717,42,44,32088],"class_list":{"0":"post-475387","1":"post","2":"type-post","3":"status-publish","4":"format-standard","5":"has-post-thumbnail","7":"category-sciences-et-technologies","8":"tag-fr","9":"tag-france","10":"tag-microsoft","11":"tag-ordinateur","12":"tag-science","13":"tag-science-and-technology","14":"tag-sciences","15":"tag-sciences-et-technologies","16":"tag-tech-futurs","17":"tag-technologie","18":"tag-technologies","19":"tag-technology","20":"tag-windows"},"share_on_mastodon":{"url":"https:\/\/pubeurope.com\/@fr\/115402416862323548","error":""},"_links":{"self":[{"href":"https:\/\/www.europesays.com\/fr\/wp-json\/wp\/v2\/posts\/475387","targetHints":{"allow":["GET"]}}],"collection":[{"href":"https:\/\/www.europesays.com\/fr\/wp-json\/wp\/v2\/posts"}],"about":[{"href":"https:\/\/www.europesays.com\/fr\/wp-json\/wp\/v2\/types\/post"}],"author":[{"embeddable":true,"href":"https:\/\/www.europesays.com\/fr\/wp-json\/wp\/v2\/users\/2"}],"replies":[{"embeddable":true,"href":"https:\/\/www.europesays.com\/fr\/wp-json\/wp\/v2\/comments?post=475387"}],"version-history":[{"count":0,"href":"https:\/\/www.europesays.com\/fr\/wp-json\/wp\/v2\/posts\/475387\/revisions"}],"wp:featuredmedia":[{"embeddable":true,"href":"https:\/\/www.europesays.com\/fr\/wp-json\/wp\/v2\/media\/475388"}],"wp:attachment":[{"href":"https:\/\/www.europesays.com\/fr\/wp-json\/wp\/v2\/media?parent=475387"}],"wp:term":[{"taxonomy":"category","embeddable":true,"href":"https:\/\/www.europesays.com\/fr\/wp-json\/wp\/v2\/categories?post=475387"},{"taxonomy":"post_tag","embeddable":true,"href":"https:\/\/www.europesays.com\/fr\/wp-json\/wp\/v2\/tags?post=475387"}],"curies":[{"name":"wp","href":"https:\/\/api.w.org\/{rel}","templated":true}]}}