{"id":475398,"date":"2025-10-19T19:16:12","date_gmt":"2025-10-19T19:16:12","guid":{"rendered":"https:\/\/www.europesays.com\/fr\/475398\/"},"modified":"2025-10-19T19:16:12","modified_gmt":"2025-10-19T19:16:12","slug":"un-salon-pour-choisir-le-vehicule-de-ses-reves","status":"publish","type":"post","link":"https:\/\/www.europesays.com\/fr\/475398\/","title":{"rendered":"un salon pour choisir le v\u00e9hicule de ses r\u00eaves"},"content":{"rendered":"<p>Partir du jour au lendemain, sans destination pr\u00e9cise ni souci de l\u2019endroit o\u00f9 l\u2019on va dormir\u2026 Promesse de libert\u00e9 et d\u2019\u00e9vasion, le tourisme itin\u00e9rant conna\u00eet une belle dynamique en France, particuli\u00e8rement depuis la fin de la pand\u00e9mie de Covid-19. \u00ab\u00a0Nous sommes aujourd\u2019hui le deuxi\u00e8me march\u00e9 europ\u00e9en derri\u00e8re l\u2019Allemagne\u00a0\u00bb, indique Patrick Lablanche, pr\u00e9sident de la F\u00e9d\u00e9ration fran\u00e7aise des associations et clubs de camping-cars.<\/p>\n<p>Selon les derniers chiffres de l\u2019UNI VDL (Union des industries du v\u00e9hicule de loisirs), le march\u00e9 du neuf a&#8230;<\/p>\n","protected":false},"excerpt":{"rendered":"Partir du jour au lendemain, sans destination pr\u00e9cise ni souci de l\u2019endroit o\u00f9 l\u2019on va dormir\u2026 Promesse de&hellip;\n","protected":false},"author":2,"featured_media":475399,"comment_status":"","ping_status":"","sticky":false,"template":"","format":"standard","meta":{"footnotes":""},"categories":[9653],"tags":[1111,11,2430,33,7539,1777,674,1011,27,3367,12,25,4001,7538,602],"class_list":{"0":"post-475398","1":"post","2":"type-post","3":"status-publish","4":"format-standard","5":"has-post-thumbnail","7":"category-saint-etienne","8":"tag-actu","9":"tag-actualites","10":"tag-auvergne-rhone-alpes","11":"tag-economie","12":"tag-edition-loire-sud","13":"tag-eu","14":"tag-europe","15":"tag-fr","16":"tag-france","17":"tag-loire","18":"tag-news","19":"tag-republique-francaise","20":"tag-saint-etienne","21":"tag-saint-etienne-ville","22":"tag-tourisme"},"share_on_mastodon":{"url":"https:\/\/pubeurope.com\/@fr\/115402440316803370","error":""},"_links":{"self":[{"href":"https:\/\/www.europesays.com\/fr\/wp-json\/wp\/v2\/posts\/475398","targetHints":{"allow":["GET"]}}],"collection":[{"href":"https:\/\/www.europesays.com\/fr\/wp-json\/wp\/v2\/posts"}],"about":[{"href":"https:\/\/www.europesays.com\/fr\/wp-json\/wp\/v2\/types\/post"}],"author":[{"embeddable":true,"href":"https:\/\/www.europesays.com\/fr\/wp-json\/wp\/v2\/users\/2"}],"replies":[{"embeddable":true,"href":"https:\/\/www.europesays.com\/fr\/wp-json\/wp\/v2\/comments?post=475398"}],"version-history":[{"count":0,"href":"https:\/\/www.europesays.com\/fr\/wp-json\/wp\/v2\/posts\/475398\/revisions"}],"wp:featuredmedia":[{"embeddable":true,"href":"https:\/\/www.europesays.com\/fr\/wp-json\/wp\/v2\/media\/475399"}],"wp:attachment":[{"href":"https:\/\/www.europesays.com\/fr\/wp-json\/wp\/v2\/media?parent=475398"}],"wp:term":[{"taxonomy":"category","embeddable":true,"href":"https:\/\/www.europesays.com\/fr\/wp-json\/wp\/v2\/categories?post=475398"},{"taxonomy":"post_tag","embeddable":true,"href":"https:\/\/www.europesays.com\/fr\/wp-json\/wp\/v2\/tags?post=475398"}],"curies":[{"name":"wp","href":"https:\/\/api.w.org\/{rel}","templated":true}]}}