{"id":475416,"date":"2025-10-19T19:28:13","date_gmt":"2025-10-19T19:28:13","guid":{"rendered":"https:\/\/www.europesays.com\/fr\/475416\/"},"modified":"2025-10-19T19:28:13","modified_gmt":"2025-10-19T19:28:13","slug":"cest-le-jour-et-la-nuit-a-rennes-la-place-du-champ-jacquet-a-fait-peau-neuve","status":"publish","type":"post","link":"https:\/\/www.europesays.com\/fr\/475416\/","title":{"rendered":"\u00ab\u00a0C\u2019est le jour et la nuit\u00a0\u00bb\u00a0: \u00e0 Rennes la place du Champ-Jacquet a fait peau neuve"},"content":{"rendered":"<p>Ce dimanche le temps n\u2019est pas de la partie pour la premi\u00e8re f\u00eate organis\u00e9e sur la place par l\u2019association de La Place du Champ-Jacquet (LPDCJ) r\u00e9cemment cr\u00e9\u00e9e. \u00ab Une sorte d\u2019inauguration des lieux \u00bb souligne Guirec Foucault, pr\u00e9sident de l\u2019association \u00ab On veut recr\u00e9er du lien social entre les habitants, les gens fr\u00e9quentant la place et les commer\u00e7ants mais aussi faire vivre cet endroit \u00bb explique-t-il. Une place qui a chang\u00e9 depuis les travaux qui viennent de s\u2019achever.<\/p>\n<p>\u00ab \u00c7a change vraiment la vie \u00bb<\/p>\n<p>Les pav\u00e9s ont \u00e9t\u00e9 charg\u00e9s, des bancs ont \u00e9t\u00e9 install\u00e9s, des places de parking supprim\u00e9es et la seule voie de circulation encore ouverte \u00e0 la circulation dans un seul sens a \u00e9t\u00e9 r\u00e9duite. \u00ab C\u2019est le jour et la nuit. \u00c7a change vraiment la vie. Depuis que c\u2019est termin\u00e9 on voit des gens, des familles avec des enfants venir ici en s\u00e9curit\u00e9 car il n\u2019y a plus de passage de voitures \u00bb constate le pr\u00e9sident de l\u2019association qui est \u00e9galement g\u00e9rant d\u2019un bar \u00ab On voit aussi le chiffre d\u2019affaires des commerces reprendre \u00bb.<\/p>\n<p><img decoding=\"async\" src=\"https:\/\/www.europesays.com\/fr\/wp-content\/uploads\/2025\/10\/68f5380349f93e09010cfc9e.1.jpeg\" width=\"480\" height=\"300\" class=\"web_golden_m\" loading=\"lazy\" alt=\"\u00ab\u00a0C\u2019est le jour et la nuit\u00a0\u00bb\u00a0: \u00e0 Rennes la place du Champ-Jacquet a fait peau neuve\"\/> (Le T\u00e9l\u00e9gramme\/Erwan Miloux)\u00ab Ambiance de quartier \u00bb<\/p>\n<p>Aricia habite sur la place depuis 2021 \u00ab J\u2019\u00e9tais aux premi\u00e8res loges pour les travaux. M\u00eame si \u00e7a a \u00e9t\u00e9 tr\u00e8s long et un peu d\u00e9sagr\u00e9able \u00e7a valait le coup. La place est chouette. On attend maintenant qu\u2019il y ait plus de verdure. Pour l\u2019instant elle reste tr\u00e8s min\u00e9rale. Il faudra ensuite l\u2019entretenir et la nettoyer r\u00e9guli\u00e8rement pour que \u00e7a ne devienne pas comme la place Sainte-Anne. Comme c\u2019est un lieu de passage, l\u2019ambiance de quartier a disparu. On esp\u00e8re que l\u2019association qui s\u2019est cr\u00e9\u00e9e et les habitants puissent la restituer. Avec cette nouvelle espace on a tous les \u00e9l\u00e9ments pour que la mayonnaise prenne \u00bb.<\/p>\n<p><img decoding=\"async\" src=\"https:\/\/www.europesays.com\/fr\/wp-content\/uploads\/2025\/10\/68f53803075d5251a2025ef3.1.jpeg\" width=\"480\" height=\"300\" class=\"web_golden_m\" loading=\"lazy\" alt=\"\u00ab\u00a0C\u2019est le jour et la nuit\u00a0\u00bb\u00a0: \u00e0 Rennes la place du Champ-Jacquet a fait peau neuve\"\/> (Le T\u00e9l\u00e9gramme\/Erwan Miloux)\u00ab Pouvoir marcher tranquillement \u00bb<\/p>\n<p>Marc aime bien passer par la place quand il vient \u00e0 Rennes : \u00ab Avant il y avait la circulation des bus qui g\u00eanait. Maintenant c\u2019est fini c\u2019est tr\u00e8s agr\u00e9able de pouvoir marcher tranquillement. En plus \u00e7a a \u00e9t\u00e9 bien am\u00e9nag\u00e9, c\u2019est assez joli au final. \u00c7a fait moins d\u00e9sordre et moins vieillot. On a l\u2019impression que c\u2019est plus lumineux. Mais bon \u00e7a manque quand m\u00eame de v\u00e9g\u00e9tation. Il n\u2019y en a pratiquement pas. On voit des emplacements au sol pour faire des plantations je pense qu\u2019il va y en avoir \u00bb.<\/p>\n<p>Des avis positifs partag\u00e9s par beaucoup de personnes rencontr\u00e9es dimanche sur le renouveau de la place du Champ-Jacquet. Mais aussi un b\u00e9mol pour beaucoup quant au manque d\u2019arbres. Une dizaine devrait \u00eatre plant\u00e9e d\u2019ici la fin de l\u2019ann\u00e9e, dont un ch\u00eane \u00e0 feuille de saule d\u2019environ 15 m\u00e8tres de haut, apportant la touche verdoyante manquante et la fra\u00eecheur salutaire en p\u00e9riode de chaleur.<\/p>\n","protected":false},"excerpt":{"rendered":"Ce dimanche le temps n\u2019est pas de la partie pour la premi\u00e8re f\u00eate organis\u00e9e sur la place par&hellip;\n","protected":false},"author":2,"featured_media":475417,"comment_status":"","ping_status":"","sticky":false,"template":"","format":"standard","meta":{"footnotes":""},"categories":[2821],"tags":[1111,11,829,1777,674,1011,27,848,12,584,25],"class_list":{"0":"post-475416","1":"post","2":"type-post","3":"status-publish","4":"format-standard","5":"has-post-thumbnail","7":"category-rennes","8":"tag-actu","9":"tag-actualites","10":"tag-bretagne","11":"tag-eu","12":"tag-europe","13":"tag-fr","14":"tag-france","15":"tag-ille-et-vilaine","16":"tag-news","17":"tag-rennes","18":"tag-republique-francaise"},"share_on_mastodon":{"url":"https:\/\/pubeurope.com\/@fr\/115402487839014911","error":""},"_links":{"self":[{"href":"https:\/\/www.europesays.com\/fr\/wp-json\/wp\/v2\/posts\/475416","targetHints":{"allow":["GET"]}}],"collection":[{"href":"https:\/\/www.europesays.com\/fr\/wp-json\/wp\/v2\/posts"}],"about":[{"href":"https:\/\/www.europesays.com\/fr\/wp-json\/wp\/v2\/types\/post"}],"author":[{"embeddable":true,"href":"https:\/\/www.europesays.com\/fr\/wp-json\/wp\/v2\/users\/2"}],"replies":[{"embeddable":true,"href":"https:\/\/www.europesays.com\/fr\/wp-json\/wp\/v2\/comments?post=475416"}],"version-history":[{"count":0,"href":"https:\/\/www.europesays.com\/fr\/wp-json\/wp\/v2\/posts\/475416\/revisions"}],"wp:featuredmedia":[{"embeddable":true,"href":"https:\/\/www.europesays.com\/fr\/wp-json\/wp\/v2\/media\/475417"}],"wp:attachment":[{"href":"https:\/\/www.europesays.com\/fr\/wp-json\/wp\/v2\/media?parent=475416"}],"wp:term":[{"taxonomy":"category","embeddable":true,"href":"https:\/\/www.europesays.com\/fr\/wp-json\/wp\/v2\/categories?post=475416"},{"taxonomy":"post_tag","embeddable":true,"href":"https:\/\/www.europesays.com\/fr\/wp-json\/wp\/v2\/tags?post=475416"}],"curies":[{"name":"wp","href":"https:\/\/api.w.org\/{rel}","templated":true}]}}