{"id":475427,"date":"2025-10-19T19:34:17","date_gmt":"2025-10-19T19:34:17","guid":{"rendered":"https:\/\/www.europesays.com\/fr\/475427\/"},"modified":"2025-10-19T19:34:17","modified_gmt":"2025-10-19T19:34:17","slug":"il-pleut-aujourdhui-loccasion-parfaite-de-voir-a-coeurs-ouverts-lexpo-du-musee","status":"publish","type":"post","link":"https:\/\/www.europesays.com\/fr\/475427\/","title":{"rendered":"Il pleut aujourd\u2019hui ? L\u2019occasion parfaite de voir \u00ab \u00c0 c\u0153urs ouverts\u00a0\u00bb, l\u2019expo du mus\u00e9e"},"content":{"rendered":"<p>Un an et demi apr\u00e8s sa r\u00e9ouverture, en mai\u00a02024, le mus\u00e9e d\u00e9partemental Dobr\u00e9e pr\u00e9sente <a href=\"https:\/\/nantes.maville.com\/actu\/actudet_-le-coeur-sous-toutes-ses-formes-se-decouvre-au-musee-dobree-a-nantes-_52716-7022867_actu.Htm\" target=\"_self\" rel=\"nofollow noopener\">sa premi\u00e8re grande exposition temporaire<\/a> \u00ab\u00a0\u00c0 c\u0153urs ouverts\u00a0\u00bb\u00a0: c\u0153ur organe, sacr\u00e9 c\u0153ur, c\u0153ur amoureux, c\u0153ur symbolique\u2026<\/p>\n<blockquote class=\"instagram-media\" data-instgrm-captioned=\"\" data-instgrm-permalink=\"https:\/\/www.instagram.com\/p\/DP4DlyHiLVG\/?utm_source=ig_embed&amp;utm_campaign=loading\" data-instgrm-version=\"14\" style=\" background:#FFF; border:0; border-radius:3px; box-shadow:0 0 1px 0 rgba(0,0,0,0.5),0 1px 10px 0 rgba(0,0,0,0.15); margin: 1px; max-width:540px; min-width:326px; padding:0; width:99.375%; width:-webkit-calc(100% - 2px); width:calc(100% - 2px);\" wp_automatic_readability=\"-0.21875\"\/>\n<p>L\u2019exposition raconte toutes les places qu\u2019occupe le c\u0153ur \u00e0 travers les \u00e9poques, de l\u2019Antiquit\u00e9 \u00e0 aujourd\u2019hui. De manuscrits m\u00e9di\u00e9vaux \u00e0 une \u0153uvre contemporaine d\u2019Annette Messager, en passant par une s\u00e9rigraphie d\u2019Andy Warhol, tout un parcours sensible et passionnant \u00e0 faire autour de cet organe vital.<\/p>\n<p><strong>Jusqu\u2019au 1er\u00a0mars 2026.<\/strong> Ouvert samedi et dimanche, de 10\u00a0h \u00e0 18\u00a0h, place Jean-V, \u00e0 Nantes. Ligne 1, arr\u00eat M\u00e9diath\u00e8que. De 4\u00a0\u20ac \u00e0 7\u00a0\u20ac billet combin\u00e9 expo temporaire et collections permanentes, de 6\u00a0\u20ac \u00e0 9\u00a0\u20ac. Gratuit moins de 26\u00a0ans.<\/p>\n<p>\u00a0<\/p>\n<p>\t\t<script async src=\"\/\/www.instagram.com\/embed.js\"><\/script><\/p>\n","protected":false},"excerpt":{"rendered":"Un an et demi apr\u00e8s sa r\u00e9ouverture, en mai\u00a02024, le mus\u00e9e d\u00e9partemental Dobr\u00e9e pr\u00e9sente sa premi\u00e8re grande exposition&hellip;\n","protected":false},"author":2,"featured_media":475428,"comment_status":"","ping_status":"","sticky":false,"template":"","format":"standard","meta":{"footnotes":""},"categories":[2818],"tags":[1111,11,33192,27738,1777,674,12176,1011,27,33193,3048,766,12,13719,18166,59881,2636,59880,25,9369,3840],"class_list":{"0":"post-475427","1":"post","2":"type-post","3":"status-publish","4":"format-standard","5":"has-post-thumbnail","7":"category-nantes","8":"tag-actu","9":"tag-actualites","10":"tag-aujourd","11":"tag-dobree","12":"tag-eu","13":"tag-europe","14":"tag-expo","15":"tag-fr","16":"tag-france","17":"tag-hui","18":"tag-musee","19":"tag-nantes","20":"tag-news","21":"tag-occasion","22":"tag-ouverts","23":"tag-parfaite","24":"tag-pays-de-la-loire","25":"tag-pleut","26":"tag-republique-francaise","27":"tag-urs","28":"tag-voir"},"share_on_mastodon":{"url":"https:\/\/pubeurope.com\/@fr\/115402510457748106","error":""},"_links":{"self":[{"href":"https:\/\/www.europesays.com\/fr\/wp-json\/wp\/v2\/posts\/475427","targetHints":{"allow":["GET"]}}],"collection":[{"href":"https:\/\/www.europesays.com\/fr\/wp-json\/wp\/v2\/posts"}],"about":[{"href":"https:\/\/www.europesays.com\/fr\/wp-json\/wp\/v2\/types\/post"}],"author":[{"embeddable":true,"href":"https:\/\/www.europesays.com\/fr\/wp-json\/wp\/v2\/users\/2"}],"replies":[{"embeddable":true,"href":"https:\/\/www.europesays.com\/fr\/wp-json\/wp\/v2\/comments?post=475427"}],"version-history":[{"count":0,"href":"https:\/\/www.europesays.com\/fr\/wp-json\/wp\/v2\/posts\/475427\/revisions"}],"wp:featuredmedia":[{"embeddable":true,"href":"https:\/\/www.europesays.com\/fr\/wp-json\/wp\/v2\/media\/475428"}],"wp:attachment":[{"href":"https:\/\/www.europesays.com\/fr\/wp-json\/wp\/v2\/media?parent=475427"}],"wp:term":[{"taxonomy":"category","embeddable":true,"href":"https:\/\/www.europesays.com\/fr\/wp-json\/wp\/v2\/categories?post=475427"},{"taxonomy":"post_tag","embeddable":true,"href":"https:\/\/www.europesays.com\/fr\/wp-json\/wp\/v2\/tags?post=475427"}],"curies":[{"name":"wp","href":"https:\/\/api.w.org\/{rel}","templated":true}]}}