{"id":475450,"date":"2025-10-19T19:48:25","date_gmt":"2025-10-19T19:48:25","guid":{"rendered":"https:\/\/www.europesays.com\/fr\/475450\/"},"modified":"2025-10-19T19:48:25","modified_gmt":"2025-10-19T19:48:25","slug":"lancienne-ministre-a-la-condition-feminine-monique-pelletier-est-morte-a-lage-de-99-ans","status":"publish","type":"post","link":"https:\/\/www.europesays.com\/fr\/475450\/","title":{"rendered":"L&rsquo;ancienne ministre \u00e0 la Condition f\u00e9minine, Monique Pelletier, est morte \u00e0 l&rsquo;\u00e2ge de 99 ans"},"content":{"rendered":"\n<p class=\"c-chapo \">\n  Elle a notamment \u0153uvr\u00e9 pour la criminalisation du viol, qui n&rsquo;\u00e9tait alors qu&rsquo;un d\u00e9lit, et la p\u00e9rennisation de la loi Veil, qui n&rsquo;\u00e9tait initialement pr\u00e9vue que pour durer cinq ann\u00e9es.\n<\/p>\n<p>      lire plus tard<\/p>\n<p id=\"dialog__title\" class=\"dialog__title\">Pour sauvegarder cet article, connectez-vous ou cr\u00e9ez un compte franceinfo<\/p>\n<p class=\"dialog__description\">Sans paiement. Sans abonnement.<\/p>\n<p>        Fermer la fen\u00eatre d\u2019activation des notifications France Info<\/p>\n<p>      cr\u00e9er votre compte<\/p>\n<p>      se connecter<\/p>\n<p>        Fermer la fen\u00eatre de pr\u00e9sentation<\/p>\n<p>    <img loading=\"lazy\" decoding=\"async\" class=\"signature__image lazyload\" width=\"100\" height=\"100\" data- alt=\"\" src=\"https:\/\/www.europesays.com\/fr\/wp-content\/uploads\/2025\/05\/64a68815cd1a7_placeholder-36b69ec8.png\"\/><\/p>\n<p>    Publi\u00e9 le 19\/10\/2025 20:49<\/p>\n<p>        Temps de lecture : 1min<\/p>\n<p>    <img decoding=\"async\"  alt=\"L'avocate Monique Pelletier dans son bureau, \u00e0 Paris, le 23 mars 2000, au lendemain de sa nomination par le pr\u00e9sident fran\u00e7ais en tant que membre du Conseil constitutionnel. (JACK GUEZ \/ AFP)\" width=\"432\" height=\"243\" src=\"https:\/\/www.europesays.com\/fr\/wp-content\/uploads\/2025\/10\/000-79bt9wf-68f5325f150fa913375359.jpg\" fetchpriority=\"high\"\/><\/p>\n<p>      L&rsquo;avocate Monique Pelletier dans son bureau, \u00e0 Paris, le 23 mars 2000, au lendemain de sa nomination par le pr\u00e9sident fran\u00e7ais en tant que membre du Conseil constitutionnel. (JACK GUEZ \/ AFP)<\/p>\n<p>Elle avait 99 ans. Monique Pelletier, ministre d\u00e9l\u00e9gu\u00e9e \u00e0 la Condition f\u00e9minine sous Val\u00e9ry Giscard d&rsquo;Estaing, est morte dimanche 19 octobre, a annonc\u00e9 le minist\u00e8re charg\u00e9 de l&rsquo;Egalit\u00e9 entre les femmes et les hommes. \u00ab\u00a0La France perd une grande voix pour les droits des femmes, pour leur dignit\u00e9, pour l&rsquo;\u00e9galit\u00e9. Son engagement a ouvert des conqu\u00eates majeures et laisse un h\u00e9ritage immense\u00a0\u00bb, <a href=\"https:\/\/x.com\/auroreberge\/status\/1979910975659577415\" target=\"_blank\" rel=\"noopener nofollow\">a r\u00e9agi Aurore Berg\u00e9<\/a>, ministre de l&rsquo;\u00c9galit\u00e9 entre les femmes et les hommes, sur X.<\/p>\n<p>Minitre d\u00e9l\u00e9gu\u00e9e \u00e0 la Condition f\u00e9minine de 1978 \u00e0 1979 puis de la Condition f\u00e9minine et des familles de 1979 \u00e0 1981, Monique Pelletier a notamment \u0153uvr\u00e9 pour la criminalisation du viol, qui n&rsquo;\u00e9tait alors qu&rsquo;un d\u00e9lit, et la p\u00e9rennisation de la loi Veil, qui n&rsquo;\u00e9tait initialement pr\u00e9vue que pour durer cinq ann\u00e9es. Nomm\u00e9e par Jacques Chirac en 2000, cette ancienne avocate au barreau de Paris a si\u00e9g\u00e9 au Conseil constitutionnel jusqu&rsquo;en 2004, en remplacement de Roland Dumas, d\u00e9missionnaire. En 2016, elle avait sign\u00e9 une tribune pour d\u00e9noncer l&rsquo;impunit\u00e9 face au harc\u00e8lement sexuel, affirmant avoir \u00e9t\u00e9 agress\u00e9e par un s\u00e9nateur, 37 ans apr\u00e8s les faits.<\/p>\n<p>Longtemps, elle a continu\u00e9 \u00e0 s&rsquo;exprimer publiquement notamment <a href=\"https:\/\/x.com\/pelletiermoniqu\" target=\"_blank\" rel=\"noopener nofollow\">via son compte X<\/a>, d\u00e9non\u00e7ant le scandale des Ehpad, s&rsquo;inqui\u00e9tant du sort des femmes battues. En 2019, elle affirmait qu&rsquo;il restait \u00ab\u00a0beaucoup de progr\u00e8s \u00e0 faire et de progr\u00e8s \u00e0 pr\u00e9server\u00a0\u00bb concernant le droit des femmes, dans un entretien <a href=\"https:\/\/www.lepoint.fr\/politique\/vous-n-imaginez-pas-les-quantites-phenomenales-de-betises-que-j-ai-pu-entendre-23-09-2019-2337308_20.php\" target=\"_blank\" rel=\"noopener nofollow\">dans Le Point<\/a>. \u00ab\u00a0Beaucoup de femmes restent ignorantes de leurs droits ou sont encore insuffisamment recherch\u00e9es pour leurs qualit\u00e9s\u00a0\u00bb, s&rsquo;indignait-elle.<\/p>\n<p>\u00a0<\/p>\n","protected":false},"excerpt":{"rendered":"Elle a notamment \u0153uvr\u00e9 pour la criminalisation du viol, qui n&rsquo;\u00e9tait alors qu&rsquo;un d\u00e9lit, et la p\u00e9rennisation de&hellip;\n","protected":false},"author":2,"featured_media":475451,"comment_status":"","ping_status":"","sticky":false,"template":"","format":"standard","meta":{"footnotes":""},"categories":[1888],"tags":[1111,1928,11,1927,1777,674,1011,27,12,1926,626,1925,25],"class_list":{"0":"post-475450","1":"post","2":"type-post","3":"status-publish","4":"format-standard","5":"has-post-thumbnail","7":"category-paris","8":"tag-actu","9":"tag-actu-paris","10":"tag-actualites","11":"tag-actualites-paris","12":"tag-eu","13":"tag-europe","14":"tag-fr","15":"tag-france","16":"tag-news","17":"tag-news-paris","18":"tag-paris","19":"tag-paris-news","20":"tag-republique-francaise"},"share_on_mastodon":{"url":"https:\/\/pubeurope.com\/@fr\/115402565978842802","error":""},"_links":{"self":[{"href":"https:\/\/www.europesays.com\/fr\/wp-json\/wp\/v2\/posts\/475450","targetHints":{"allow":["GET"]}}],"collection":[{"href":"https:\/\/www.europesays.com\/fr\/wp-json\/wp\/v2\/posts"}],"about":[{"href":"https:\/\/www.europesays.com\/fr\/wp-json\/wp\/v2\/types\/post"}],"author":[{"embeddable":true,"href":"https:\/\/www.europesays.com\/fr\/wp-json\/wp\/v2\/users\/2"}],"replies":[{"embeddable":true,"href":"https:\/\/www.europesays.com\/fr\/wp-json\/wp\/v2\/comments?post=475450"}],"version-history":[{"count":0,"href":"https:\/\/www.europesays.com\/fr\/wp-json\/wp\/v2\/posts\/475450\/revisions"}],"wp:featuredmedia":[{"embeddable":true,"href":"https:\/\/www.europesays.com\/fr\/wp-json\/wp\/v2\/media\/475451"}],"wp:attachment":[{"href":"https:\/\/www.europesays.com\/fr\/wp-json\/wp\/v2\/media?parent=475450"}],"wp:term":[{"taxonomy":"category","embeddable":true,"href":"https:\/\/www.europesays.com\/fr\/wp-json\/wp\/v2\/categories?post=475450"},{"taxonomy":"post_tag","embeddable":true,"href":"https:\/\/www.europesays.com\/fr\/wp-json\/wp\/v2\/tags?post=475450"}],"curies":[{"name":"wp","href":"https:\/\/api.w.org\/{rel}","templated":true}]}}