{"id":475452,"date":"2025-10-19T19:49:21","date_gmt":"2025-10-19T19:49:21","guid":{"rendered":"https:\/\/www.europesays.com\/fr\/475452\/"},"modified":"2025-10-19T19:49:21","modified_gmt":"2025-10-19T19:49:21","slug":"belle-victoire-a-strasbourg-pour-les-parisiennes","status":"publish","type":"post","link":"https:\/\/www.europesays.com\/fr\/475452\/","title":{"rendered":"Belle victoire \u00e0 Strasbourg pour les Parisiennes"},"content":{"rendered":"<p class=\"typography-paragraph mb-4 md:mb-6\">Devant les 3500 spectateurs de la Meinau, les locales se montrent dangereuses les premi\u00e8res et In\u00e8s Konan envoie une frappe lourde sous la transversale qu&rsquo;Earps d\u00e9tourne au-dessus de son but (10e). L&rsquo;Anglaise s&rsquo;illustre \u00e9galement la t\u00eate de Fatima Pinto (12e). Place ensuite au temps fort parisien et Echegini voit son tir contr\u00e9 filer \u00e0 c\u00f4t\u00e9 (21e), puis sa frappe \u00eatre box\u00e9e par Manon Wahl (22e). Aux 20 m\u00e8tres, Groenen tente \u00e0 son tour sa chance mais la gardienne de but du RCSA capte le cuir (38e).<\/p>\n<p class=\"typography-paragraph mb-4 md:mb-6\">Au retour des vestiaires, le club de la capitale acc\u00e9l\u00e8re encore un peu plus. Sur un corner de Leuchter, Ajibade place sa t\u00eate mais trouve la transversale d&rsquo;entr\u00e9e (47e). La Nig\u00e9riane trouve ensuite Yaya dont la frappe file \u00e0 c\u00f4t\u00e9 (50e), m\u00eame sort pour la tentative d&rsquo;Isabela (55e). Les minutes d\u00e9filent, Paris ne parvient \u00e0 conclure mais fait finalement la diff\u00e9rence. Entr\u00e9e \u00e0 l&rsquo;heure de jeu, Merveille Kanjinga d\u00e9bloque la situation dans la foul\u00e9e en enroulant parfaitement sa frappe de l&rsquo;entr\u00e9e de la surface, apr\u00e8s une action initi\u00e9e par Groenen et une belle d\u00e9viation de Leuchter <strong class=\"font-bold\">(0-1, 65e)<\/strong>. En solo, la Congolaise passe m\u00eame proche du doubl\u00e9 mais Eseosa Aigbogun revient en catastrophe pour contrer sa frappe in extremis (83e).<\/p>\n<p class=\"typography-paragraph mb-4 md:mb-6\">Echegini envoie un missile vers le but que Wahl repousse difficilement, Leuchter reprend et marque mais est signal\u00e9e en position de hors-jeu (90e). Mama Diop place le seul tir alsacien de la deuxi\u00e8me p\u00e9riode mais Earps est attentive (90e+1). Le score n&rsquo;\u00e9volue plus et Paulo C\u00e9sar et ses joueuses grimpent sur le podium, devanc\u00e9s de 3 points par l&rsquo;OL Lyonnes et \u00e0 la diff\u00e9rence de buts par le Paris FC.<\/p>\n","protected":false},"excerpt":{"rendered":"Devant les 3500 spectateurs de la Meinau, les locales se montrent dangereuses les premi\u00e8res et In\u00e8s Konan envoie&hellip;\n","protected":false},"author":2,"featured_media":475453,"comment_status":"","ping_status":"","sticky":false,"template":"","format":"standard","meta":{"footnotes":""},"categories":[1888],"tags":[1111,1928,11,1927,1777,674,1011,27,12,1926,626,1925,25],"class_list":{"0":"post-475452","1":"post","2":"type-post","3":"status-publish","4":"format-standard","5":"has-post-thumbnail","7":"category-paris","8":"tag-actu","9":"tag-actu-paris","10":"tag-actualites","11":"tag-actualites-paris","12":"tag-eu","13":"tag-europe","14":"tag-fr","15":"tag-france","16":"tag-news","17":"tag-news-paris","18":"tag-paris","19":"tag-paris-news","20":"tag-republique-francaise"},"share_on_mastodon":{"url":"https:\/\/pubeurope.com\/@fr\/115402570569266183","error":""},"_links":{"self":[{"href":"https:\/\/www.europesays.com\/fr\/wp-json\/wp\/v2\/posts\/475452","targetHints":{"allow":["GET"]}}],"collection":[{"href":"https:\/\/www.europesays.com\/fr\/wp-json\/wp\/v2\/posts"}],"about":[{"href":"https:\/\/www.europesays.com\/fr\/wp-json\/wp\/v2\/types\/post"}],"author":[{"embeddable":true,"href":"https:\/\/www.europesays.com\/fr\/wp-json\/wp\/v2\/users\/2"}],"replies":[{"embeddable":true,"href":"https:\/\/www.europesays.com\/fr\/wp-json\/wp\/v2\/comments?post=475452"}],"version-history":[{"count":0,"href":"https:\/\/www.europesays.com\/fr\/wp-json\/wp\/v2\/posts\/475452\/revisions"}],"wp:featuredmedia":[{"embeddable":true,"href":"https:\/\/www.europesays.com\/fr\/wp-json\/wp\/v2\/media\/475453"}],"wp:attachment":[{"href":"https:\/\/www.europesays.com\/fr\/wp-json\/wp\/v2\/media?parent=475452"}],"wp:term":[{"taxonomy":"category","embeddable":true,"href":"https:\/\/www.europesays.com\/fr\/wp-json\/wp\/v2\/categories?post=475452"},{"taxonomy":"post_tag","embeddable":true,"href":"https:\/\/www.europesays.com\/fr\/wp-json\/wp\/v2\/tags?post=475452"}],"curies":[{"name":"wp","href":"https:\/\/api.w.org\/{rel}","templated":true}]}}