{"id":475454,"date":"2025-10-19T19:50:15","date_gmt":"2025-10-19T19:50:15","guid":{"rendered":"https:\/\/www.europesays.com\/fr\/475454\/"},"modified":"2025-10-19T19:50:15","modified_gmt":"2025-10-19T19:50:15","slug":"le-probleme-cest-linsecurite-parents-et-proches-ont-marche-pour-melvin-tue-dans-son-parking-a-paris","status":"publish","type":"post","link":"https:\/\/www.europesays.com\/fr\/475454\/","title":{"rendered":"\u00ab\u00a0Le probl\u00e8me, c\u2019est l\u2019ins\u00e9curit\u00e9\u00a0\u00bb\u00a0: parents et proches ont march\u00e9 pour Melvin, tu\u00e9 dans son parking \u00e0 Paris"},"content":{"rendered":"<p class=\"paragraph text_align_left lp-f-body-02\">Ce dimanche, plus de 500 personnes ont particip\u00e9 \u00e0 la marche blanche pour rendre hommage \u00e0 celui dont tout le monde loue la gentillesse. Melvin vivait une relation fusionnelle avec sa maman, qu\u2019il aidait durant son travail de femme de m\u00e9nage, le soir. \u00ab C\u2019\u00e9tait un enfant calme, jamais il n\u2019a \u00e9t\u00e9 bagarreur, d\u00e9crit son oncle Dominique. C\u2019est impensable qu\u2019il meure comme \u00e7a. \u00bb<\/p>\n","protected":false},"excerpt":{"rendered":"Ce dimanche, plus de 500 personnes ont particip\u00e9 \u00e0 la marche blanche pour rendre hommage \u00e0 celui dont&hellip;\n","protected":false},"author":2,"featured_media":475455,"comment_status":"","ping_status":"","sticky":false,"template":"","format":"standard","meta":{"footnotes":""},"categories":[1888],"tags":[11,1777,674,1011,27,1944,12,626,25],"class_list":{"0":"post-475454","1":"post","2":"type-post","3":"status-publish","4":"format-standard","5":"has-post-thumbnail","7":"category-paris","8":"tag-actualites","9":"tag-eu","10":"tag-europe","11":"tag-fr","12":"tag-france","13":"tag-ma-ville","14":"tag-news","15":"tag-paris","16":"tag-republique-francaise"},"share_on_mastodon":{"url":"https:\/\/pubeurope.com\/@fr\/115402574421374765","error":""},"_links":{"self":[{"href":"https:\/\/www.europesays.com\/fr\/wp-json\/wp\/v2\/posts\/475454","targetHints":{"allow":["GET"]}}],"collection":[{"href":"https:\/\/www.europesays.com\/fr\/wp-json\/wp\/v2\/posts"}],"about":[{"href":"https:\/\/www.europesays.com\/fr\/wp-json\/wp\/v2\/types\/post"}],"author":[{"embeddable":true,"href":"https:\/\/www.europesays.com\/fr\/wp-json\/wp\/v2\/users\/2"}],"replies":[{"embeddable":true,"href":"https:\/\/www.europesays.com\/fr\/wp-json\/wp\/v2\/comments?post=475454"}],"version-history":[{"count":0,"href":"https:\/\/www.europesays.com\/fr\/wp-json\/wp\/v2\/posts\/475454\/revisions"}],"wp:featuredmedia":[{"embeddable":true,"href":"https:\/\/www.europesays.com\/fr\/wp-json\/wp\/v2\/media\/475455"}],"wp:attachment":[{"href":"https:\/\/www.europesays.com\/fr\/wp-json\/wp\/v2\/media?parent=475454"}],"wp:term":[{"taxonomy":"category","embeddable":true,"href":"https:\/\/www.europesays.com\/fr\/wp-json\/wp\/v2\/categories?post=475454"},{"taxonomy":"post_tag","embeddable":true,"href":"https:\/\/www.europesays.com\/fr\/wp-json\/wp\/v2\/tags?post=475454"}],"curies":[{"name":"wp","href":"https:\/\/api.w.org\/{rel}","templated":true}]}}