{"id":475456,"date":"2025-10-19T19:51:22","date_gmt":"2025-10-19T19:51:22","guid":{"rendered":"https:\/\/www.europesays.com\/fr\/475456\/"},"modified":"2025-10-19T19:51:22","modified_gmt":"2025-10-19T19:51:22","slug":"les-parisiens-sinclinent-a-bollaert-2-1","status":"publish","type":"post","link":"https:\/\/www.europesays.com\/fr\/475456\/","title":{"rendered":"Les Parisiens s\u2019inclinent \u00e0 Bollaert (2\u20131)"},"content":{"rendered":"<p>Le Paris FC a affich\u00e9 de bonnes intentions \u00e0 Bollaert mais s\u2019est inclin\u00e9 face \u00e0 un RC Lens plus r\u00e9aliste.<br \/>S\u00e9rieux dans le jeu, les Parisiens ont manqu\u00e9 d\u2019efficacit\u00e9 dans les deux surfaces.<\/p>\n<p><strong>Une premi\u00e8re p\u00e9riode ma\u00eetris\u00e9e<\/strong><\/p>\n<p>Apr\u00e8s un penalty repouss\u00e9 par Paul Nkambadio d\u00e8s la 10e minute, les Lensois ont ouvert le score par \u00c9douard sur corner (17e).<br \/>Le Paris FC a rapidement r\u00e9agi, \u00e9galisant dix minutes plus tard gr\u00e2ce \u00e0 une frappe crois\u00e9e de Pierre Lees-Melou (28e), \u00e0 la conclusion d\u2019une action collective men\u00e9e par Kebbal et Camara.<br \/>\u00c0 la pause, les deux \u00e9quipes se neutralisaient logiquement (1-1) apr\u00e8s une premi\u00e8re p\u00e9riode rythm\u00e9e et \u00e9quilibr\u00e9e.<\/p>\n<p><img fetchpriority=\"high\" decoding=\"async\" width=\"1524\" height=\"1905\" src=\"data:image\/svg+xml,%3Csvg%20xmlns=\" http:=\"\" alt=\"\" class=\"wp-image-108658\" data-lazy-src=\"https:\/\/www.europesays.com\/fr\/wp-content\/uploads\/2025\/10\/DSC07784-Enhanced-NR.jpg\"\/><\/p>\n<p><strong>Un second acte plus ferm\u00e9<\/strong><\/p>\n<p>De retour des vestiaires, les Parisiens ont montr\u00e9 de bonnes intentions, \u00e0 l\u2019image de Camara dont la tentative a \u00e9t\u00e9 repouss\u00e9e par Risser (48e).<br \/>Lens a toutefois repris l\u2019avantage sur un second ballon cons\u00e9cutif \u00e0 un corner, conclu de la t\u00eate par Baidoo (65e).<br \/>Malgr\u00e9 plusieurs situations dans les derni\u00e8res minutes, le Paris FC n\u2019a pas r\u00e9ussi \u00e0 revenir au score.<\/p>\n<p><img loading=\"lazy\" decoding=\"async\" width=\"1561\" height=\"1951\" src=\"data:image\/svg+xml,%3Csvg%20xmlns=\" http:=\"\" alt=\"\" class=\"wp-image-108664\" data-lazy-src=\"https:\/\/www.europesays.com\/fr\/wp-content\/uploads\/2025\/10\/DSC08003-Enhanced-NR.jpg\"\/><\/p>\n<p><strong>Un d\u00e9placement remarqu\u00e9<\/strong><\/p>\n<p>Port\u00e9s par\u00a0809 supporters parisiens\u00a0pr\u00e9sents \u00e0 Bollaert, les joueurs ont une nouvelle fois affich\u00e9 de la coh\u00e9rence dans le jeu et de la solidarit\u00e9 dans l\u2019effort.<\/p>\n<p>Le Paris FC tentera de rebondir d\u00e8s la prochaine journ\u00e9e, avec la r\u00e9ception du FC Nantes \u00e0 Jean-Bouin, vendredi 25 octobre \u00e0 20H45.<\/p>\n<p>R\u00e9servez votre place <a href=\"https:\/\/billetterie.parisfc.fr\/selection\/event\/seat?perfId=10229288446431&amp;ot=0&amp;gtmStepTracking=true\" rel=\"nofollow noopener\" target=\"_blank\">ici<\/a>\u00a0<\/p>\n<p>Stade\u00a0: Stade Bollaert-Delelis<\/p>\n<p>Les compositions\u00a0:\u00a0<\/p>\n<p>Paris FC : \u00a0Nkambadio \u2013 Traor\u00e9, Chergui, Otavio, De Smet \u2013 Lopez, Camara, Lees-Melou \u2013 Kebbal, Krasso, Simon<\/p>\n<p>Racing Club de Lens :\u00a0 Risser \u2013 Gradit, Baidoo, Sarr, Aguilar, Udol \u2013 Thomasson, Sangar\u00e9 \u2013 Thauvin, Guilavogui, Edouard<\/p>\n","protected":false},"excerpt":{"rendered":"Le Paris FC a affich\u00e9 de bonnes intentions \u00e0 Bollaert mais s\u2019est inclin\u00e9 face \u00e0 un RC Lens&hellip;\n","protected":false},"author":2,"featured_media":475457,"comment_status":"","ping_status":"","sticky":false,"template":"","format":"standard","meta":{"footnotes":""},"categories":[1888],"tags":[11,1777,674,1011,27,12,626,25],"class_list":{"0":"post-475456","1":"post","2":"type-post","3":"status-publish","4":"format-standard","5":"has-post-thumbnail","7":"category-paris","8":"tag-actualites","9":"tag-eu","10":"tag-europe","11":"tag-fr","12":"tag-france","13":"tag-news","14":"tag-paris","15":"tag-republique-francaise"},"share_on_mastodon":{"url":"https:\/\/pubeurope.com\/@fr\/115402578429157879","error":""},"_links":{"self":[{"href":"https:\/\/www.europesays.com\/fr\/wp-json\/wp\/v2\/posts\/475456","targetHints":{"allow":["GET"]}}],"collection":[{"href":"https:\/\/www.europesays.com\/fr\/wp-json\/wp\/v2\/posts"}],"about":[{"href":"https:\/\/www.europesays.com\/fr\/wp-json\/wp\/v2\/types\/post"}],"author":[{"embeddable":true,"href":"https:\/\/www.europesays.com\/fr\/wp-json\/wp\/v2\/users\/2"}],"replies":[{"embeddable":true,"href":"https:\/\/www.europesays.com\/fr\/wp-json\/wp\/v2\/comments?post=475456"}],"version-history":[{"count":0,"href":"https:\/\/www.europesays.com\/fr\/wp-json\/wp\/v2\/posts\/475456\/revisions"}],"wp:featuredmedia":[{"embeddable":true,"href":"https:\/\/www.europesays.com\/fr\/wp-json\/wp\/v2\/media\/475457"}],"wp:attachment":[{"href":"https:\/\/www.europesays.com\/fr\/wp-json\/wp\/v2\/media?parent=475456"}],"wp:term":[{"taxonomy":"category","embeddable":true,"href":"https:\/\/www.europesays.com\/fr\/wp-json\/wp\/v2\/categories?post=475456"},{"taxonomy":"post_tag","embeddable":true,"href":"https:\/\/www.europesays.com\/fr\/wp-json\/wp\/v2\/tags?post=475456"}],"curies":[{"name":"wp","href":"https:\/\/api.w.org\/{rel}","templated":true}]}}