{"id":475458,"date":"2025-10-19T19:52:24","date_gmt":"2025-10-19T19:52:24","guid":{"rendered":"https:\/\/www.europesays.com\/fr\/475458\/"},"modified":"2025-10-19T19:52:24","modified_gmt":"2025-10-19T19:52:24","slug":"zelensky-appelle-trump-a-durcir-le-ton-face-a-la-russie","status":"publish","type":"post","link":"https:\/\/www.europesays.com\/fr\/475458\/","title":{"rendered":"Zelensky appelle Trump \u00e0 durcir le ton face \u00e0 la Russie"},"content":{"rendered":"<p class=\"fig-paragraph\">Le pr\u00e9sident ukrainien\u00a0<a href=\"http:\/\/www.lefigaro.fr\/international\/guerre-en-ukraine-a-la-maison-blanche-zelensky-affirme-que-poutine-n-est-pas-pret-pour-la-paix-trump-juge-le-contraire-20251017\" target=\"_blank\" data-fig-type=\"NewsFlash\" rel=\"noopener nofollow\" data-gtm-custom-categorie=\"navigation\" data-gtm-custom-action=\"crossclick\" data-gtm-custom-label=\"Contextuel\" data-gtm-event=\"customEventSPE\" data-fig-domain=\"LEFIGARO\">Volodymyr Zelensky<\/a>\u00a0a appel\u00e9\u00a0<a href=\"http:\/\/www.lefigaro.fr\/international\/n-est-il-pas-magnifique-donald-trump-felicite-a-nouveau-volodymyr-zelensky-sur-sa-tenue-20251017\" target=\"_blank\" data-fig-type=\"NewsFlash\" rel=\"noopener nofollow\" data-gtm-custom-categorie=\"navigation\" data-gtm-custom-action=\"crossclick\" data-gtm-custom-label=\"Contextuel\" data-gtm-event=\"customEventSPE\" data-fig-domain=\"LEFIGARO\">Donald Trump<\/a>\u00a0\u00e0 durcir le ton face \u00e0 Vladimir Poutine, assurant que son homologue russe \u00e9tait \u00abplus fort que le Hamas\u00bb, dans une interview \u00e0 un m\u00e9dia am\u00e9ricain diffus\u00e9e dimanche.<\/p>\n<p class=\"fig-paragraph\">Questionn\u00e9 par la cha\u00eene de t\u00e9l\u00e9vision NBC sur sa volont\u00e9 de voir le pr\u00e9sident am\u00e9ricain se montrer plus ferme \u00e0 l&rsquo;\u00e9gard de\u00a0<a href=\"http:\/\/www.lefigaro.fr\/international\/donald-trump-affirme-qu-il-va-rencontrer-vladimir-poutine-a-budapest-et-assure-que-de-grands-progres-ont-ete-faits-pendant-leur-appel-20251016\" target=\"_blank\" data-fig-type=\"NewsFlash\" rel=\"noopener nofollow\" data-gtm-custom-categorie=\"navigation\" data-gtm-custom-action=\"crossclick\" data-gtm-custom-label=\"Contextuel\" data-gtm-event=\"customEventSPE\" data-fig-domain=\"LEFIGARO\">Vladimir Poutine<\/a>, il a d\u00e9clar\u00e9 \u00aboui et m\u00eame davantage, car Poutine ressemble mais est plus fort que le Hamas\u00bb. \u00abC&rsquo;est pourquoi il faut plus de pression\u00bb contre Moscou, a ajout\u00e9 Volodymyr Zelensky lors de cet entretien r\u00e9alis\u00e9 vendredi.<\/p>\n<p>                                    <a class=\"fig-a11y-skip a11y-hidden\" href=\"#fig-a11y-skip-main-inarticle\"><br \/>\n        Passer la publicit\u00e9<br \/>\n    <\/a><\/p>\n<p>\u00abJe suis pr\u00eat\u00bb<\/p>\n<p class=\"fig-paragraph\">Donald Trump avait promis de mettre fin aux guerres en Ukraine et dans la bande de Gaza, une fois de retour au pouvoir en janvier. Des objectifs qui se sont av\u00e9r\u00e9s plus difficiles qu&rsquo;il ne l&rsquo;esp\u00e9rait. Apr\u00e8s avoir r\u00e9ussi \u00e0 obtenir\u00a0<a href=\"http:\/\/www.lefigaro.fr\/international\/donald-trump-assure-que-le-cessez-le-feu-a-gaza-tiendra-20251011\" target=\"_blank\" data-fig-type=\"NewsFlash\" rel=\"noopener nofollow\" data-gtm-custom-categorie=\"navigation\" data-gtm-custom-action=\"crossclick\" data-gtm-custom-label=\"Contextuel\" data-gtm-event=\"customEventSPE\" data-fig-domain=\"LEFIGARO\">une tr\u00eave \u00e0 Gaza<\/a>, mise toutefois \u00e0 rude \u00e9preuve dimanche,\u00a0<a href=\"https:\/\/www.lefigaro.fr\/international\/en-direct-suivez-minute-par-minute-la-situation-a-gaza-20251019\" target=\"_blank\" data-fig-type=\"Live\" rel=\"noopener nofollow\" data-gtm-custom-categorie=\"navigation\" data-gtm-custom-action=\"crossclick\" data-gtm-custom-label=\"Contextuel\" data-gtm-event=\"customEventSPE\" data-fig-domain=\"LEFIGARO\">le Hamas et Isra\u00ebl s&rsquo;accusant mutuellement de violations du cessez-le-feu<\/a>, le r\u00e9publicain cherche \u00e0 en faire de m\u00eame en Ukraine.<\/p>\n<p class=\"fig-paragraph\">Vendredi,\u00a0<a href=\"http:\/\/www.lefigaro.fr\/international\/a-washington-trump-rencontre-zelensky-sans-rompre-le-dialogue-avec-poutine-20251017\" target=\"_blank\" data-fig-type=\"Article\" rel=\"noopener nofollow\" data-gtm-custom-categorie=\"navigation\" data-gtm-custom-action=\"crossclick\" data-gtm-custom-label=\"Contextuel\" data-gtm-event=\"customEventSPE\" data-fig-domain=\"LEFIGARO\">il a re\u00e7u une nouvelle fois \u00e0 la Maison-Blanche Volodymyr Zelensky<\/a>\u00a0et l&rsquo;a press\u00e9 de cesser les hostilit\u00e9s tout en restant sourd \u00e0 ses demandes de soutien militaire renforc\u00e9.<\/p>\n<p class=\"fig-paragraph\">Il a en parall\u00e8le relanc\u00e9 le dialogue avec Vladimir Poutine, les deux dirigeants ayant convenu de se rencontrer prochainement\u00a0<a href=\"http:\/\/www.lefigaro.fr\/international\/l-annonce-d-un-sommet-trump-poutine-a-budapest-une-victoire-pour-viktor-orban-20251017\" target=\"_blank\" data-fig-type=\"Article\" rel=\"noopener nofollow\" data-gtm-custom-categorie=\"navigation\" data-gtm-custom-action=\"crossclick\" data-gtm-custom-label=\"Contextuel\" data-gtm-event=\"customEventSPE\" data-fig-domain=\"LEFIGARO\">\u00e0 Budapest<\/a>. Une r\u00e9union \u00e0 laquelle Volodymyr Zelensky a dit \u00e0 NBC vouloir participer\u00a0: \u00abJe suis pr\u00eat, j&rsquo;ai dit au pr\u00e9sident (Trump)\u00a0: \u201cJe suis pr\u00eat\u201d\u00bb. \u00abIl voulait conna\u00eetre mon opinion\u00bb, a-t-il poursuivi, assurant que Donald Trump allait en \u00abdiscuter avec Poutine\u00bb. \u00abMon opinion est que si nous voulons vraiment une paix juste et durable, nous avons besoin des deux parties\u00bb, a-t-il insist\u00e9.<\/p>\n","protected":false},"excerpt":{"rendered":"Le pr\u00e9sident ukrainien\u00a0Volodymyr Zelensky\u00a0a appel\u00e9\u00a0Donald Trump\u00a0\u00e0 durcir le ton face \u00e0 Vladimir Poutine, assurant que son homologue russe&hellip;\n","protected":false},"author":2,"featured_media":475459,"comment_status":"","ping_status":"","sticky":false,"template":"","format":"standard","meta":{"footnotes":""},"categories":[1591],"tags":[11,75,1887,131,12,1885,1886,132,134],"class_list":{"0":"post-475458","1":"post","2":"type-post","3":"status-publish","4":"format-standard","5":"has-post-thumbnail","7":"category-russie","8":"tag-actualites","9":"tag-donald-trump","10":"tag-federation-de-russie","11":"tag-guerre-en-ukraine","12":"tag-news","13":"tag-russia","14":"tag-russian-federation","15":"tag-russie","16":"tag-volodymyr-zelensky"},"share_on_mastodon":{"url":"https:\/\/pubeurope.com\/@fr\/115402582561945197","error":""},"_links":{"self":[{"href":"https:\/\/www.europesays.com\/fr\/wp-json\/wp\/v2\/posts\/475458","targetHints":{"allow":["GET"]}}],"collection":[{"href":"https:\/\/www.europesays.com\/fr\/wp-json\/wp\/v2\/posts"}],"about":[{"href":"https:\/\/www.europesays.com\/fr\/wp-json\/wp\/v2\/types\/post"}],"author":[{"embeddable":true,"href":"https:\/\/www.europesays.com\/fr\/wp-json\/wp\/v2\/users\/2"}],"replies":[{"embeddable":true,"href":"https:\/\/www.europesays.com\/fr\/wp-json\/wp\/v2\/comments?post=475458"}],"version-history":[{"count":0,"href":"https:\/\/www.europesays.com\/fr\/wp-json\/wp\/v2\/posts\/475458\/revisions"}],"wp:featuredmedia":[{"embeddable":true,"href":"https:\/\/www.europesays.com\/fr\/wp-json\/wp\/v2\/media\/475459"}],"wp:attachment":[{"href":"https:\/\/www.europesays.com\/fr\/wp-json\/wp\/v2\/media?parent=475458"}],"wp:term":[{"taxonomy":"category","embeddable":true,"href":"https:\/\/www.europesays.com\/fr\/wp-json\/wp\/v2\/categories?post=475458"},{"taxonomy":"post_tag","embeddable":true,"href":"https:\/\/www.europesays.com\/fr\/wp-json\/wp\/v2\/tags?post=475458"}],"curies":[{"name":"wp","href":"https:\/\/api.w.org\/{rel}","templated":true}]}}