{"id":475469,"date":"2025-10-19T20:02:21","date_gmt":"2025-10-19T20:02:21","guid":{"rendered":"https:\/\/www.europesays.com\/fr\/475469\/"},"modified":"2025-10-19T20:02:21","modified_gmt":"2025-10-19T20:02:21","slug":"leurope-dresse-sa-liste-de-courses-militaires-pour-2030","status":"publish","type":"post","link":"https:\/\/www.europesays.com\/fr\/475469\/","title":{"rendered":"L\u2019Europe dresse sa liste de courses militaires pour 2030"},"content":{"rendered":"<p>L&rsquo;Europe sera-t-elle <a class=\"Link\" href=\"https:\/\/www.lepoint.fr\/monde\/safe-un-programme-militaire-europeen-pour-etre-pret-en-2030--19-03-2025-2585184_24.php\" title=\"\" data-gtm=\"click:capsule\" data-capsule=\"Lien\" target=\"_blank\" rel=\"noopener\">pr\u00eate en\u00a02030\u00a0pour un \u00e9ventuel conflit de haute intensit\u00e9<\/a>\u00a0? Les dirigeants europ\u00e9ens devraient avaliser, jeudi 24\u00a0octobre, la feuille de route de la pr\u00e9paration militaire pr\u00e9sent\u00e9e par la Commission en amont du prochain Conseil europ\u00e9en.<\/p>\n<p>Le\u00a0document de la Commission ressemble davantage \u00e0 une liste de courses g\u00e9ante qu&rsquo;\u00e0 un plan strat\u00e9gique classique qui rel\u00e8ve plut\u00f4t des \u00c9tats nations. \u00ab\u00a0Nous devons passer de l&rsquo;\u00e9tape des opportunit\u00e9s \u00e0 celle de la livraison\u00a0\u00bb, pr\u00e9vient le commissaire europ\u00e9en \u00e0 la <a class=\"Link\" href=\"https:\/\/www.lepoint.fr\/tags\/armement\" data-gtm=\"click:capsule\" data-capsule=\"Lien\" target=\"_blank\" rel=\"noopener\">D\u00e9fense<\/a>, le\u00a0Lituanien Andrius Kubilius. Traduction\u00a0: fini les grandes d\u00e9clarations, place aux commandes fermes d&rsquo;\u00e9quipements militaires.<\/p>\n<p>L&rsquo;id\u00e9e est bien de se d\u00e9fendre seul, sans le secours am\u00e9ricain jug\u00e9 de plus en plus al\u00e9atoire.\u00a0La menace russe, la guerre en Ukraine et l&#8230;<\/p>\n<p>Toute l\u2019actualit\u00e9 \u00e0 1\u20ac le premier mois<\/p>\n<p><a href=\"https:\/\/abo.lepoint.fr\/?provenance=21EDI020098\" class=\"btn\" title=\"S&#039;abonner\" data-gtm=\"click:abo|display:abo\" data-campaign=\"paywall_maison\" target=\"_blank\" rel=\"noopener\">S&rsquo;abonner<\/a><\/p>\n<p>ou<\/p>\n","protected":false},"excerpt":{"rendered":"L&rsquo;Europe sera-t-elle pr\u00eate en\u00a02030\u00a0pour un \u00e9ventuel conflit de haute intensit\u00e9\u00a0? Les dirigeants europ\u00e9ens devraient avaliser, jeudi 24\u00a0octobre, la&hellip;\n","protected":false},"author":2,"featured_media":475470,"comment_status":"","ping_status":"","sticky":false,"template":"","format":"standard","meta":{"footnotes":""},"categories":[1586],"tags":[11,554,1073,1777,674,1779,1011,27,12,25,1778,364,2544],"class_list":{"0":"post-475469","1":"post","2":"type-post","3":"status-publish","4":"format-standard","5":"has-post-thumbnail","7":"category-europe","8":"tag-actualites","9":"tag-defense","10":"tag-emmanuel-macron","11":"tag-eu","12":"tag-europe","13":"tag-european-union","14":"tag-fr","15":"tag-france","16":"tag-news","17":"tag-republique-francaise","18":"tag-ue","19":"tag-union-europeenne","20":"tag-ursula-von-der-leyen"},"share_on_mastodon":{"url":"https:\/\/pubeurope.com\/@fr\/115402620512007435","error":""},"_links":{"self":[{"href":"https:\/\/www.europesays.com\/fr\/wp-json\/wp\/v2\/posts\/475469","targetHints":{"allow":["GET"]}}],"collection":[{"href":"https:\/\/www.europesays.com\/fr\/wp-json\/wp\/v2\/posts"}],"about":[{"href":"https:\/\/www.europesays.com\/fr\/wp-json\/wp\/v2\/types\/post"}],"author":[{"embeddable":true,"href":"https:\/\/www.europesays.com\/fr\/wp-json\/wp\/v2\/users\/2"}],"replies":[{"embeddable":true,"href":"https:\/\/www.europesays.com\/fr\/wp-json\/wp\/v2\/comments?post=475469"}],"version-history":[{"count":0,"href":"https:\/\/www.europesays.com\/fr\/wp-json\/wp\/v2\/posts\/475469\/revisions"}],"wp:featuredmedia":[{"embeddable":true,"href":"https:\/\/www.europesays.com\/fr\/wp-json\/wp\/v2\/media\/475470"}],"wp:attachment":[{"href":"https:\/\/www.europesays.com\/fr\/wp-json\/wp\/v2\/media?parent=475469"}],"wp:term":[{"taxonomy":"category","embeddable":true,"href":"https:\/\/www.europesays.com\/fr\/wp-json\/wp\/v2\/categories?post=475469"},{"taxonomy":"post_tag","embeddable":true,"href":"https:\/\/www.europesays.com\/fr\/wp-json\/wp\/v2\/tags?post=475469"}],"curies":[{"name":"wp","href":"https:\/\/api.w.org\/{rel}","templated":true}]}}