{"id":475483,"date":"2025-10-19T20:11:12","date_gmt":"2025-10-19T20:11:12","guid":{"rendered":"https:\/\/www.europesays.com\/fr\/475483\/"},"modified":"2025-10-19T20:11:12","modified_gmt":"2025-10-19T20:11:12","slug":"di-giannantonio-amer-apres-sa-remontee-jusqua-la-deuxieme-place","status":"publish","type":"post","link":"https:\/\/www.europesays.com\/fr\/475483\/","title":{"rendered":"Di Giannantonio \u00ab\u00a0amer\u00a0\u00bb apr\u00e8s sa remont\u00e9e jusqu&rsquo;\u00e0 la deuxi\u00e8me place"},"content":{"rendered":"<p><a href=\"https:\/\/fr.motorsport.com\/driver\/fabio-di-giannantonio\/289538\/\" target=\"_blank\" rel=\"noopener\">Fabio Di Giannantonio<\/a> a assur\u00e9 le spectacle \u00e0 Phillip Island, mais il aurait pr\u00e9f\u00e9r\u00e9 une situation bien plus simple. Le pilote VR46 a pris la deuxi\u00e8me place apr\u00e8s avoir multipli\u00e9 les d\u00e9passements depuis la dixi\u00e8me place sur la grille, mais il \u00e9tait trop loin de <a href=\"https:\/\/fr.motorsport.com\/driver\/raul-fernandez\/443094\/\" target=\"_blank\" rel=\"noopener\">Ra\u00fal Fern\u00e1ndez<\/a> pour esp\u00e9rer le menacer.<\/p>\n<p>En qualifications, Di Giannantonio s&rsquo;est plaint d&rsquo;un manque d&rsquo;adh\u00e9rence de son pneu arri\u00e8re, selon lui \u00e0 l&rsquo;origine de sa position lointaine sur la grille. Il \u00e9tait remont\u00e9 au cinqui\u00e8me rang lors du sprint mais a fait mieux ce dimanche, en avalant ses adversaires un par un&#8230; ce qui lui a fait nourrir quelques regrets.<\/p>\n<p>\u00ab\u00a0Je suis fier de mon \u00e9quipe\u00a0\u00bb, a comment\u00e9 Di Giannantonio, interrog\u00e9 par le site officiel du MotoGP. \u00ab\u00a0Ils ont \u00e9norm\u00e9ment travaill\u00e9, ils m&rsquo;ont donn\u00e9 une moto incroyable tout le week-end. J&rsquo;\u00e9tais assez m\u00e9content apr\u00e8s les qualifications parce que pour une raison hors de notre contr\u00f4le, on a perdu une opportunit\u00e9 de partir devant.\u00a0\u00bb<\/p>\n<p>\u00ab\u00a0On pensait que nos chances de podium ou de victoire s&rsquo;\u00e9taient envol\u00e9es, mais \u00e7a n&rsquo;a pas \u00e9t\u00e9 le cas parce que j&rsquo;ai pris un d\u00e9part incroyable, j&rsquo;ai fait des d\u00e9passements incroyables, vraiment gr\u00e2ce \u00e0 la moto et l&rsquo;\u00e9quipe. C&rsquo;est un sentiment amer parce qu&rsquo;en partant devant, on aurait peut-\u00eatre pu se battre avec Ra\u00fal. Mais \u00e7a va. Il faut prendre ce que l&rsquo;on a. Je suis content parce que je suis malade depuis hier soir, donc c&rsquo;est un double succ\u00e8s.\u00a0\u00bb<\/p>\n<p>\u00ab\u00a0J&rsquo;ai de la fi\u00e8vre\u00a0\u00bb, a ajout\u00e9 Di Giannantonio. \u00ab\u00a0J&rsquo;ai tr\u00e8s peu d&rsquo;\u00e9nergie. En d\u00e9but de course, apr\u00e8s trois ou quatre tours, j&rsquo;\u00e9tais un peu coinc\u00e9 dans le groupe parce que je me suis dit &lsquo;Putain, il reste 20 tours\u00a0!'\u00a0\u00bb<\/p>\n<p>Une performance d\u00e9corr\u00e9l\u00e9e de la version de la Ducati<\/p>\n<p>Malgr\u00e9 la fatigue, Di Giannantonio a pu r\u00e9aliser des d\u00e9passements tout en pr\u00e9servant les pneus, un \u00e9l\u00e9ment cl\u00e9 de son r\u00e9sultat final. Il voit cette qualit\u00e9 plus li\u00e9e \u00e0 son pilotage qu&rsquo;aux caract\u00e9ristiques de la Ducati GP25 puisqu&rsquo;en \u00e9tant fid\u00e8le \u00e0 l&rsquo;approche affich\u00e9e en d\u00e9but de week-end, il <a href=\"https:\/\/fr.motorsport.com\/motogp\/news\/di-giannnantonio-version-ducati-percu\/10767856\/\" target=\"_blank\" rel=\"noopener\">ne veut plus se soucier de la configuration de sa moto<\/a>.<\/p>\n<p>\u00ab\u00a0On a fait un travail incroyable au cours de la derni\u00e8re semaine, dans les pr\u00e9paratifs du week-end, parce que l&rsquo;\u00e9quipe a fait beaucoup d&rsquo;analyses et de bilans pour comprendre le meilleur package \u00e0 utiliser ici\u00a0\u00bb, a soulign\u00e9 Di Giannantonio en conf\u00e9rence de presse. \u00ab\u00a0C&rsquo;\u00e9tait la cl\u00e9 pour ce genre de performance.\u00a0\u00bb<\/p>\n<p>   <img decoding=\"async\" draggable=\"false\" src=\"https:\/\/www.europesays.com\/fr\/wp-content\/uploads\/2025\/10\/1760904672_747_fabio-di-giannantonio-vr46-rac.jpg\" alt=\"Fabio Di Giannantonio, VR46 Racing Team\" width=\"1200\" height=\"800\" loading=\"lazy\"\/> <\/p>\n<p class=\"title\">Fabio Di Giannantonio, VR46 Racing Team<\/p>\n<p class=\"photographer\">Photo de: Robert Cianflone \/ Getty Images<\/p>\n<p>\u00ab\u00a0Je suis un bon gestionnaire du pneu, en fait\u00a0\u00bb, a d\u00e9taill\u00e9 l&rsquo;Italien. \u00ab\u00a0J&rsquo;ai connu beaucoup de remont\u00e9es en g\u00e9rant bien le pneu. Quelle qu&rsquo;ait \u00e9t\u00e9 ma moto aujourd&rsquo;hui, le r\u00e9sultat aurait \u00e9t\u00e9 le m\u00eame. Entre la GP24 et la GP25, ce sont juste des noms de moto que l&rsquo;on donne en d\u00e9but d&rsquo;ann\u00e9e. Quand on est pilote d&rsquo;usine, on a juste beaucoup de pi\u00e8ces, on roule pour avoir le meilleur package possible pour attaquer et \u00eatre rapide.\u00a0\u00bb<\/p>\n<p>\u00ab\u00a0Je n&rsquo;ai pas une 24, une 25, une 23 ou une 26, peu importe, c&rsquo;est juste la meilleure moto que Ducati me donne pour \u00eatre rapide. Me concernant, j&rsquo;arrive aussi \u00e0 bien g\u00e9rer le pneu donc je ne pense pas que le mod\u00e8le de la moto aurait chang\u00e9 quelque chose aujourd&rsquo;hui.\u00a0\u00bb<\/p>\n<p>Fabio Di Giannantonio a en tout cas \u00e9t\u00e9 le plus efficace des pilotes de la Ducati GP25 ce week-end, en l&rsquo;absence de <a href=\"https:\/\/fr.motorsport.com\/driver\/marc-marquez\/92646\/\" target=\"_blank\" rel=\"noopener\">Marc M\u00e1rquez<\/a>, remplac\u00e9 par <a href=\"https:\/\/fr.motorsport.com\/driver\/michele-pirro\/86845\/\" target=\"_blank\" rel=\"noopener\">Michele Pirro<\/a>, et alors que <a href=\"https:\/\/fr.motorsport.com\/driver\/pecco-bagnaia\/109394\/\" target=\"_blank\" rel=\"noopener\">Pecco Bagnaia<\/a> a \u00e9t\u00e9 en grande difficult\u00e9. Di Giannantonio a m\u00eame \u00e9t\u00e9 le meilleur pilote Ducati, tous mod\u00e8les confondus, \u00e0 l&rsquo;arriv\u00e9e des deux courses du week-end, en acceptant de composer avec un comportement imparfait.<\/p>\n<p>\u00ab\u00a0La moto bouge beaucoup \u00e0 Phillip Island. Je ne sais pas pour les autres, je n&rsquo;\u00e9tais pas sur leurs motos mais dans mon cas, on a commenc\u00e9 le week-end avec une moto qui bougeait beaucoup. Apr\u00e8s, j&rsquo;ai quand m\u00eame pu \u00eatre rapide. J&rsquo;ai beaucoup parl\u00e9 avec mon coach et il m&rsquo;a dit &lsquo;\u00c0 Phillip Island, il faut que la moto bouge. Si elle ne bouge pas, tu n&rsquo;es pas rapide&rsquo;. Je l&rsquo;ai gard\u00e9 \u00e0 l&rsquo;esprit et quand elle bougeait, je me disais &lsquo;OK, peut-\u00eatre que je suis assez rapide !'\u00a0\u00bb<\/p>\n<p>\u00ab\u00a0Parfois, la stabilit\u00e9 de la moto est tr\u00e8s importante mais quand les conditions sont comme \u00e7a pour plus ou moins tout le monde, il faut g\u00e9rer la situation aussi bien que possible, comme les bosses ailleurs. Il y a toujours des conditions diff\u00e9rentes. Je pense qu&rsquo;on a \u00e9t\u00e9 les meilleurs chez Ducati \u2013 le meilleur pilote, la meilleure \u00e9quipe, la meilleure Ducati\u00a0\u2013 \u00e0 nous adapter \u00e0 la situation.\u00a0\u00bb<\/p>\n<p>Lire aussi :<\/p>\n<p><img decoding=\"async\" class=\"sizer\" draggable=\"false\" src=\"data:image\/png;base64,iVBORw0KGgoAAAANSUhEUgAAABAAAAAJCAYAAAA7KqwyAAAAGXRFWHRTb2Z0d2FyZQBBZG9iZSBJbWFnZVJlYWR5ccllPAAAABpJREFUeNpi\/P\/\/PwMlgImBQjBqwLAwACDAAOVfAw9\/ZDvcAAAAAElFTkSuQmCC\" alt=\"\" loading=\"lazy\"\/><\/p>\n<p class=\"title\">VID\u00c9O &#8211; R\u00c9SUM\u00c9 : Les meilleurs moments du GP d&rsquo;Australie<\/p>\n<p>            Votre avis nous int\u00e9resse !<\/p>\n<p class=\"mt-auto\">Qu&rsquo;aimeriez-vous voir sur Motorsport.com ?<\/p>\n<p>            <a href=\"#\" class=\"ms-link text-link font-bold\">R\u00e9pondez \u00e0 notre enqu\u00eate de 5 minutes.<\/a><\/p>\n<p class=\"mt-1 font-info text-body\">&#8211; L&rsquo;\u00e9quipe Motorsport.com<\/p>\n","protected":false},"excerpt":{"rendered":"Fabio Di Giannantonio a assur\u00e9 le spectacle \u00e0 Phillip Island, mais il aurait pr\u00e9f\u00e9r\u00e9 une situation bien plus&hellip;\n","protected":false},"author":2,"featured_media":475484,"comment_status":"","ping_status":"","sticky":false,"template":"","format":"standard","meta":{"footnotes":""},"categories":[1413],"tags":[59883,7277,1011,27,56962,1457,1456,1458,56963,60,7276],"class_list":{"0":"post-475483","1":"post","2":"type-post","3":"status-publish","4":"format-standard","5":"has-post-thumbnail","7":"category-moto","8":"tag-di-giannantonio-amer-apru00e8s-sa-remontu00e9e-jusquu00e0-la-deuxiu00e8me-place","9":"tag-fabio-di-giannantonio","10":"tag-fr","11":"tag-france","12":"tag-gp-daustralie","13":"tag-moto","14":"tag-motocycle","15":"tag-motogp","16":"tag-phillip-island-grand-prix-circuit","17":"tag-sports","18":"tag-team-vr46"},"share_on_mastodon":{"url":"https:\/\/pubeurope.com\/@fr\/115402657174003965","error":""},"_links":{"self":[{"href":"https:\/\/www.europesays.com\/fr\/wp-json\/wp\/v2\/posts\/475483","targetHints":{"allow":["GET"]}}],"collection":[{"href":"https:\/\/www.europesays.com\/fr\/wp-json\/wp\/v2\/posts"}],"about":[{"href":"https:\/\/www.europesays.com\/fr\/wp-json\/wp\/v2\/types\/post"}],"author":[{"embeddable":true,"href":"https:\/\/www.europesays.com\/fr\/wp-json\/wp\/v2\/users\/2"}],"replies":[{"embeddable":true,"href":"https:\/\/www.europesays.com\/fr\/wp-json\/wp\/v2\/comments?post=475483"}],"version-history":[{"count":0,"href":"https:\/\/www.europesays.com\/fr\/wp-json\/wp\/v2\/posts\/475483\/revisions"}],"wp:featuredmedia":[{"embeddable":true,"href":"https:\/\/www.europesays.com\/fr\/wp-json\/wp\/v2\/media\/475484"}],"wp:attachment":[{"href":"https:\/\/www.europesays.com\/fr\/wp-json\/wp\/v2\/media?parent=475483"}],"wp:term":[{"taxonomy":"category","embeddable":true,"href":"https:\/\/www.europesays.com\/fr\/wp-json\/wp\/v2\/categories?post=475483"},{"taxonomy":"post_tag","embeddable":true,"href":"https:\/\/www.europesays.com\/fr\/wp-json\/wp\/v2\/tags?post=475483"}],"curies":[{"name":"wp","href":"https:\/\/api.w.org\/{rel}","templated":true}]}}