{"id":475492,"date":"2025-10-19T20:17:12","date_gmt":"2025-10-19T20:17:12","guid":{"rendered":"https:\/\/www.europesays.com\/fr\/475492\/"},"modified":"2025-10-19T20:17:12","modified_gmt":"2025-10-19T20:17:12","slug":"nichonnees-fantastiques-quand-les-seins-se-font-niche-le-suricate","status":"publish","type":"post","link":"https:\/\/www.europesays.com\/fr\/475492\/","title":{"rendered":"Nichonn\u00e9es fantastiques. Quand les seins se font niche \u2022 Le Suricate"},"content":{"rendered":"<p><a href=\"https:\/\/www.grasset.fr\/livre\/nichonnees-fantastiques-9782246839446\/\" target=\"_blank\" rel=\" noreferrer noopener\"><img fetchpriority=\"high\" decoding=\"async\" width=\"746\" height=\"1024\" src=\"https:\/\/www.europesays.com\/fr\/wp-content\/uploads\/2025\/10\/NIchonnees-fantastiques-couv-746x1024.png\" alt=\"Couverture du livre \u00ab Nichonn\u00e9es fantastiques \u00bb de Marion Cocklico (Grasset, 2025)\" class=\"wp-image-90056 size-full\"  \/><\/a><\/p>\n<p class=\"has-text-align-right\"><strong><a href=\"https:\/\/www.grasset.fr\/livre\/nichonnees-fantastiques-9782246839446\/\" target=\"_blank\" rel=\"noreferrer noopener\">Nichonn\u00e9es fantastiques<\/a><\/strong><br \/>Texte et dessin : <strong>Marion Cocklico<\/strong><br \/>\u00c9diteur : <strong>Grasset<\/strong><br \/>Date de parution : <strong>1 octobre 2025<\/strong><br \/>Genre : <strong>Album jeunesse<\/strong> <\/p>\n<p><strong>L\u2019id\u00e9e derri\u00e8re Nichonn\u00e9es fantastiques est tr\u00e8s bonne : faire d\u00e9couvrir aux enfants, d\u00e8s l\u2019\u00e2ge de 9 ans, qu\u2019il existe toutes sortes de seins. Les jeunes lecteurs et lectrices pourraient ainsi moins complexer sur leur poitrine, \u00e0 un \u00e2ge o\u00f9 elle commence peut-\u00eatre \u00e0 se former, tout en ayant en t\u00eate un imagier de seins de toutes tailles et de toutes formes.<\/strong><\/p>\n<p>Marion Cocklico s\u2019est d\u00e9cid\u00e9e pour un choix artistique affirm\u00e9 : l\u2019aplat de couleur. Celui-ci, monochrome et occupant tout l\u2019arri\u00e8re-plan, prend toute la place, toute la page. Un mot vient symboliser l\u2019image : \u00ab Nectar \u00bb, \u00ab Imperceptible \u00bb, \u00ab Collines \u00bb. Mais \u00e0 la diff\u00e9rence de la couverture de Nichonn\u00e9es fantastiques, o\u00f9 les seins apparaissent de trois quarts ou de profil \u2014 donnant une indication claire au lecteur et \u00e0 la lectrice sur le contenu de l\u2019album \u2014, les illustrations montrent ici des seins majoritairement \u00e0 plat, en deux dimensions. L\u2019album devient ainsi plus conceptuel que v\u00e9ritablement p\u00e9dagogique, puisqu\u2019il faut une certaine dose d\u2019imagination pour y reconna\u00eetre des seins, d\u2019autant qu\u2019ils sont coup\u00e9s du corps auquel ils appartiennent. Ce traitement rend l\u2019ouvrage accessible \u00e0 des enfants bien plus jeunes que 9 ans.<\/p>\n<p>Cocklico a sans doute voulu m\u00ealer p\u00e9dagogie et myst\u00e8re, imagination et corporalit\u00e9. L\u2019autrice semble toutefois passer d\u2019un registre \u00e0 l\u2019autre sans toujours savoir sur quel pied danser. On d\u00e9couvre d\u2019ailleurs, en d\u00e9but d\u2019ouvrage, la d\u00e9finition du mot \u00ab Nichonn\u00e9e \u00bb, tandis qu\u2019\u00e0 la fin, les choix des diff\u00e9rents \u00ab concepts \u00bb sont expliqu\u00e9s simplement. L\u2019artiste y remercie notamment Camille Froidevaux-Metterie, philosophe ayant \u00e9crit sur les seins, et Charlotte Bienaim\u00e9, cr\u00e9atrice d\u2019un podcast f\u00e9ministe.<\/p>\n<p>Nichonn\u00e9es fantastiques est aussi un album ludique, porte-\u00e9tendard d\u2019une imagination d\u00e9bordante et d\u2019un art \u00e0 la fois militant, po\u00e9tique, politique et beau. C\u2019est un livre qui ne sexualise pas les poitrines, mais cherche au contraire \u00e0 les mettre en lumi\u00e8re \u2014 en couleur \u2014 pour apprendre aux enfants \u00e0 appr\u00e9cier leur corps et celui de l\u2019autre, tel qu\u2019il se pr\u00e9sente \u00e0 eux et elles, y compris lorsqu\u2019il est transform\u00e9 par la maladie, le manque ou la chirurgie.<\/p>\n","protected":false},"excerpt":{"rendered":"Nichonn\u00e9es fantastiquesTexte et dessin : Marion Cocklico\u00c9diteur : GrassetDate de parution : 1 octobre 2025Genre : Album jeunesse&hellip;\n","protected":false},"author":2,"featured_media":475493,"comment_status":"","ping_status":"","sticky":false,"template":"","format":"standard","meta":{"footnotes":""},"categories":[1357],"tags":[1379,58,59,1011,27,1380],"class_list":{"0":"post-475492","1":"post","2":"type-post","3":"status-publish","4":"format-standard","5":"has-post-thumbnail","7":"category-livres","8":"tag-books","9":"tag-divertissement","10":"tag-entertainment","11":"tag-fr","12":"tag-france","13":"tag-livres"},"share_on_mastodon":{"url":"https:\/\/pubeurope.com\/@fr\/115402680675122909","error":""},"_links":{"self":[{"href":"https:\/\/www.europesays.com\/fr\/wp-json\/wp\/v2\/posts\/475492","targetHints":{"allow":["GET"]}}],"collection":[{"href":"https:\/\/www.europesays.com\/fr\/wp-json\/wp\/v2\/posts"}],"about":[{"href":"https:\/\/www.europesays.com\/fr\/wp-json\/wp\/v2\/types\/post"}],"author":[{"embeddable":true,"href":"https:\/\/www.europesays.com\/fr\/wp-json\/wp\/v2\/users\/2"}],"replies":[{"embeddable":true,"href":"https:\/\/www.europesays.com\/fr\/wp-json\/wp\/v2\/comments?post=475492"}],"version-history":[{"count":0,"href":"https:\/\/www.europesays.com\/fr\/wp-json\/wp\/v2\/posts\/475492\/revisions"}],"wp:featuredmedia":[{"embeddable":true,"href":"https:\/\/www.europesays.com\/fr\/wp-json\/wp\/v2\/media\/475493"}],"wp:attachment":[{"href":"https:\/\/www.europesays.com\/fr\/wp-json\/wp\/v2\/media?parent=475492"}],"wp:term":[{"taxonomy":"category","embeddable":true,"href":"https:\/\/www.europesays.com\/fr\/wp-json\/wp\/v2\/categories?post=475492"},{"taxonomy":"post_tag","embeddable":true,"href":"https:\/\/www.europesays.com\/fr\/wp-json\/wp\/v2\/tags?post=475492"}],"curies":[{"name":"wp","href":"https:\/\/api.w.org\/{rel}","templated":true}]}}