{"id":475508,"date":"2025-10-19T20:25:12","date_gmt":"2025-10-19T20:25:12","guid":{"rendered":"https:\/\/www.europesays.com\/fr\/475508\/"},"modified":"2025-10-19T20:25:12","modified_gmt":"2025-10-19T20:25:12","slug":"68-000-faillites-dentreprises-en-un-an-comment-expliquer-cette-deferlante","status":"publish","type":"post","link":"https:\/\/www.europesays.com\/fr\/475508\/","title":{"rendered":"68.000\u00a0faillites d\u2019entreprises en un an\u00a0: comment expliquer cette d\u00e9ferlante\u00a0?"},"content":{"rendered":"<p>\n    <strong>D\u00c9CRYPTAGE &#8211;<\/strong> Rien qu\u2019au mois de septembre, 6800\u00a0d\u00e9faillances ont \u00e9t\u00e9 enregistr\u00e9es. Un record depuis 2009.<\/p>\n<p class=\"fig-paragraph\">Le tsunami n\u2019a certes pas eu lieu, mais la mar\u00e9e continue de monter. Depuis des ann\u00e9es maintenant,\u00a0<a href=\"http:\/\/www.lefigaro.fr\/economie\/les-faillites-en-france-touchent-de-plus-en-plus-de-grandes-entreprises-20251013\" data-fig-type=\"Article\" data-gtm-custom-categorie=\"navigation\" data-gtm-custom-action=\"crossclick\" data-gtm-custom-label=\"Contextuel\" data-gtm-event=\"customEventSPE\" data-fig-domain=\"LEFIGARO\" target=\"_blank\" rel=\"noopener\">le niveau des faillites d\u2019entreprises<\/a>\u00a0ne cesse de gonfler. La rentr\u00e9e a \u00e9t\u00e9 tr\u00e8s difficile sur ce front, avec 6800\u00a0d\u00e9faillances rien que pour le mois de septembre, selon les donn\u00e9es\u00a0<a href=\"http:\/\/www.lefigaro.fr\/conjoncture\/retards-de-paiement-la-france-depasse-desormais-la-moyenne-europeenne-selon-altares-20250918\" data-fig-type=\"NewsFlash\" data-gtm-custom-categorie=\"navigation\" data-gtm-custom-action=\"crossclick\" data-gtm-custom-label=\"Contextuel\" data-gtm-event=\"customEventSPE\" data-fig-domain=\"LEFIGARO\" target=\"_blank\" rel=\"noopener\">du cabinet Altares<\/a>. Soit un volume qu\u2019on n\u2019avait plus observ\u00e9 depuis 2009, alors qu\u2019une grave crise financi\u00e8re touchait l\u2019Europe.<\/p>\n<p class=\"fig-paragraph\">Depuis la fin du Covid, les difficult\u00e9s des entreprises s\u2019accroissent. Mais \u00e0 la sortie de la crise sanitaire, les observateurs se voulaient rassurants\u00a0: ce haut niveau de sinistralit\u00e9 n\u2019\u00e9tait d\u00fb qu\u2019\u00e0 un ph\u00e9nom\u00e8ne de \u00ab\u00a0rattrapage\u00a0\u00bb de toutes les faillites \u00e9vit\u00e9es pendant la pand\u00e9mie. Il faut rappeler qu\u2019au plus fort de la crise, l\u2019\u00c9tat n\u2019a pas quitt\u00e9 le chevet des entreprises, mettant en place des dispositifs de ch\u00f4mage partiel, de report de cotisations Urssaf, ou encore\u00a0<a href=\"https:\/\/www.lefigaro.fr\/societes\/budget-2024-deux-milliards-d-euros-mobilises-pour-un-pge-agricole-20231108\" data-fig-type=\"Article\" data-gtm-custom-categorie=\"navigation\" data-gtm-custom-action=\"crossclick\" data-gtm-custom-label=\"Contextuel\" data-gtm-event=\"customEventSPE\" data-fig-domain=\"LEFIGARO\" target=\"_blank\" rel=\"noopener\">de pr\u00eats garantis par l\u2019\u00c9tat (PGE)\u00a0<\/a>pour soutenir les structures subissant un arr\u00eat forc\u00e9 de l\u2019activit\u00e9. Dans\u2026<\/p>\n<p class=\"fig-premium-paywall__infos\">\n        Cet article est r\u00e9serv\u00e9 aux abonn\u00e9s.        Il vous reste 82% \u00e0 d\u00e9couvrir.\n    <\/p>\n<p>                <img  data- alt=\"Le Figaro\" class=\"fig-img--complete fig-img\"\/><\/p>\n<p class=\"fig-premium-paywall__title\">Vous avez envie de lire la suite ?<\/p>\n<p class=\"fig-premium-paywall__subtitle\">D\u00e9bloquez tous les articles imm\u00e9diatement.<\/p>\n<p class=\"fig-premium-paywall__connect\">\n                D\u00e9j\u00e0 abonn\u00e9\u00a0?                <a class=\"fig-premium-paywall__connect-link\" href=\"https:\/\/connect.lefigaro.fr\/login?client=horizon_web&amp;type=main&amp;redirect_uri=https%3A%2F%2Fwww.lefigaro.fr%2Fconjoncture%2F68-000-faillites-d-entreprises-en-un-an-comment-expliquer-cette-deferlante-20251019\" data-js-gtm=\"{&quot;customCategorie&quot;: &quot;conversion&quot;, &quot;customAction&quot;: &quot;before_Landing_Connexion_paywall_auto&quot;, &quot;customLabel&quot;: &quot;bGVmaWdhcm8uZnJfXzFmMGFiMmZiLTJlNDMtNjg0MC04MmZmLWNmOWFjYmI2NjQ5OF9fQXJ0aWNsZQ==_68.000\u00a0faillites d\u2019entreprises en un an\u00a0: comment expliquer cette d\u00e9ferlante\u00a0?_590&quot;, &quot;customIDSPE&quot;: &quot;bGVmaWdhcm8uZnJfXzFmMGFiMmZiLTJlNDMtNjg0MC04MmZmLWNmOWFjYmI2NjQ5OF9fQXJ0aWNsZQ==&quot;, &quot;event&quot;: &quot;customEventSPE&quot;}\" target=\"_blank\" rel=\"noopener\"><br \/>\n                    Connectez-vous<br \/>\n                <\/a>\n            <\/p>\n","protected":false},"excerpt":{"rendered":"D\u00c9CRYPTAGE &#8211; Rien qu\u2019au mois de septembre, 6800\u00a0d\u00e9faillances ont \u00e9t\u00e9 enregistr\u00e9es. Un record depuis 2009. Le tsunami n\u2019a&hellip;\n","protected":false},"author":2,"featured_media":475509,"comment_status":"","ping_status":"","sticky":false,"template":"","format":"standard","meta":{"footnotes":""},"categories":[6],"tags":[35,33,34,257,38209,1011,27],"class_list":{"0":"post-475508","1":"post","2":"type-post","3":"status-publish","4":"format-standard","5":"has-post-thumbnail","7":"category-economie","8":"tag-business","9":"tag-economie","10":"tag-economy","11":"tag-entreprise","12":"tag-faillites","13":"tag-fr","14":"tag-france"},"share_on_mastodon":{"url":"","error":""},"_links":{"self":[{"href":"https:\/\/www.europesays.com\/fr\/wp-json\/wp\/v2\/posts\/475508","targetHints":{"allow":["GET"]}}],"collection":[{"href":"https:\/\/www.europesays.com\/fr\/wp-json\/wp\/v2\/posts"}],"about":[{"href":"https:\/\/www.europesays.com\/fr\/wp-json\/wp\/v2\/types\/post"}],"author":[{"embeddable":true,"href":"https:\/\/www.europesays.com\/fr\/wp-json\/wp\/v2\/users\/2"}],"replies":[{"embeddable":true,"href":"https:\/\/www.europesays.com\/fr\/wp-json\/wp\/v2\/comments?post=475508"}],"version-history":[{"count":0,"href":"https:\/\/www.europesays.com\/fr\/wp-json\/wp\/v2\/posts\/475508\/revisions"}],"wp:featuredmedia":[{"embeddable":true,"href":"https:\/\/www.europesays.com\/fr\/wp-json\/wp\/v2\/media\/475509"}],"wp:attachment":[{"href":"https:\/\/www.europesays.com\/fr\/wp-json\/wp\/v2\/media?parent=475508"}],"wp:term":[{"taxonomy":"category","embeddable":true,"href":"https:\/\/www.europesays.com\/fr\/wp-json\/wp\/v2\/categories?post=475508"},{"taxonomy":"post_tag","embeddable":true,"href":"https:\/\/www.europesays.com\/fr\/wp-json\/wp\/v2\/tags?post=475508"}],"curies":[{"name":"wp","href":"https:\/\/api.w.org\/{rel}","templated":true}]}}