{"id":475515,"date":"2025-10-19T20:29:16","date_gmt":"2025-10-19T20:29:16","guid":{"rendered":"https:\/\/www.europesays.com\/fr\/475515\/"},"modified":"2025-10-19T20:29:16","modified_gmt":"2025-10-19T20:29:16","slug":"la-ricamarie-une-maison-en-proie-aux-flammes-les-habitants-indemnes","status":"publish","type":"post","link":"https:\/\/www.europesays.com\/fr\/475515\/","title":{"rendered":"La Ricamarie. Une maison en proie aux flammes, les habitants indemnes"},"content":{"rendered":"<p>Il \u00e9tait environ 18\u00a0h\u00a040, ce dimanche soir, lorsque les sapeurs-pompiers ont \u00e9t\u00e9 appel\u00e9s pour un incendie sur la commune de La Ricamarie, au 13 rue Pierre-et-Marie-Curie, tout pr\u00e8s de la RN88.<\/p>\n<p><strong>L\u2019\u00e9tage et la toiture pr\u00e9serv\u00e9s<\/strong><\/p>\n<p>Le sinistre concernait une maison individuelle d\u2019environ 90 m2 sur deux niveaux. Si le rez-de-chauss\u00e9e et le garage attenant ont \u00e9t\u00e9 endommag\u00e9s, l\u2019intervention rapide des soldats du feu a permis d\u2019\u00e9viter la propagation des flammes \u00e0 l\u2019\u00e9tage sup\u00e9rieur et \u00e0 la toiture.<\/p>\n<p>Par chance, cet incendie, dont l\u2019origine reste \u00e0 d\u00e9terminer, n\u2019a pas fait de victime\u00a0: les deux occupants des lieux ont pu sortir indemnes. Ils ont cependant d\u00fb \u00eatre relog\u00e9s dans de la famille.<\/p>\n<p>Ce sinistre a tout de m\u00eame mobilis\u00e9 22 sapeurs-pompiers venus de cinq centres d\u2019incendie du secteur.<\/p>\n","protected":false},"excerpt":{"rendered":"Il \u00e9tait environ 18\u00a0h\u00a040, ce dimanche soir, lorsque les sapeurs-pompiers ont \u00e9t\u00e9 appel\u00e9s pour un incendie sur la&hellip;\n","protected":false},"author":2,"featured_media":475516,"comment_status":"","ping_status":"","sticky":false,"template":"","format":"standard","meta":{"footnotes":""},"categories":[9653],"tags":[1111,11,2430,7539,1777,674,274,1011,27,11324,11325,12,25,4001],"class_list":{"0":"post-475515","1":"post","2":"type-post","3":"status-publish","4":"format-standard","5":"has-post-thumbnail","7":"category-saint-etienne","8":"tag-actu","9":"tag-actualites","10":"tag-auvergne-rhone-alpes","11":"tag-edition-loire-sud","12":"tag-eu","13":"tag-europe","14":"tag-faits-divers-justice","15":"tag-fr","16":"tag-france","17":"tag-la-ricamarie","18":"tag-la-ricamarie-ville","19":"tag-news","20":"tag-republique-francaise","21":"tag-saint-etienne"},"share_on_mastodon":{"url":"https:\/\/pubeurope.com\/@fr\/115402728082997812","error":""},"_links":{"self":[{"href":"https:\/\/www.europesays.com\/fr\/wp-json\/wp\/v2\/posts\/475515","targetHints":{"allow":["GET"]}}],"collection":[{"href":"https:\/\/www.europesays.com\/fr\/wp-json\/wp\/v2\/posts"}],"about":[{"href":"https:\/\/www.europesays.com\/fr\/wp-json\/wp\/v2\/types\/post"}],"author":[{"embeddable":true,"href":"https:\/\/www.europesays.com\/fr\/wp-json\/wp\/v2\/users\/2"}],"replies":[{"embeddable":true,"href":"https:\/\/www.europesays.com\/fr\/wp-json\/wp\/v2\/comments?post=475515"}],"version-history":[{"count":0,"href":"https:\/\/www.europesays.com\/fr\/wp-json\/wp\/v2\/posts\/475515\/revisions"}],"wp:featuredmedia":[{"embeddable":true,"href":"https:\/\/www.europesays.com\/fr\/wp-json\/wp\/v2\/media\/475516"}],"wp:attachment":[{"href":"https:\/\/www.europesays.com\/fr\/wp-json\/wp\/v2\/media?parent=475515"}],"wp:term":[{"taxonomy":"category","embeddable":true,"href":"https:\/\/www.europesays.com\/fr\/wp-json\/wp\/v2\/categories?post=475515"},{"taxonomy":"post_tag","embeddable":true,"href":"https:\/\/www.europesays.com\/fr\/wp-json\/wp\/v2\/tags?post=475515"}],"curies":[{"name":"wp","href":"https:\/\/api.w.org\/{rel}","templated":true}]}}