{"id":475519,"date":"2025-10-19T20:33:47","date_gmt":"2025-10-19T20:33:47","guid":{"rendered":"https:\/\/www.europesays.com\/fr\/475519\/"},"modified":"2025-10-19T20:33:47","modified_gmt":"2025-10-19T20:33:47","slug":"photos-chaton-sauve-un-s-qui-fait-beaucoup-une-quiche-sur-la-place-stan-les-10-images-de-la-semaine-en-meurthe-et-moselle","status":"publish","type":"post","link":"https:\/\/www.europesays.com\/fr\/475519\/","title":{"rendered":"Photos. Chaton sauv\u00e9, un \u00ab\u00a0s\u00a0\u00bb qui fait beaucoup, une quiche sur la place Stan\u2019\u2026 les 10 images de la semaine en Meurthe-et-Moselle"},"content":{"rendered":"<p> Cette semaine pr\u00e9c\u00e9dant les vacances de Toussaint a eu comme un p\u2019tit avant go\u00fbt de f\u00eate de fin d\u2019ann\u00e9e\u2026 Elle a aussi \u00e9t\u00e9 rythm\u00e9e par le sauvetage insolite d\u2019un chaton \u00e0 Nancy, le soutien original d\u2019une commune pour Octobre rose, l\u2019hommage au botaniste Jean-Marie Pelt, ainsi que le lancement de la d\u00e9molition du centre Jeanne-d\u2019Arc \u00e0 Vandoeuvre. Ce week-end, la bi\u00e8re \u00e9tait \u00e0 l\u2019honneur, entre d\u00e9gustation et exposition, alors que dimanche dernier, c\u2019\u00e9tait le jazz qui a fait d\u00e9border la Pep\u2019, tandis que lundi, la quiche \u00e9tait la star de la place Stanislas\u2026 Voici notre s\u00e9lection de dix images qui ont fait l\u2019actualit\u00e9 en Meurthe-et-Moselle cette semaine.<\/p>\n","protected":false},"excerpt":{"rendered":"Cette semaine pr\u00e9c\u00e9dant les vacances de Toussaint a eu comme un p\u2019tit avant go\u00fbt de f\u00eate de fin&hellip;\n","protected":false},"author":2,"featured_media":475520,"comment_status":"","ping_status":"","sticky":false,"template":"","format":"standard","meta":{"footnotes":""},"categories":[9635],"tags":[1111,11,1687,1707,1704,1706,1705,1777,674,2271,274,1011,27,775,1757,873,1702,1703,12,25,104],"class_list":{"0":"post-475519","1":"post","2":"type-post","3":"status-publish","4":"format-standard","5":"has-post-thumbnail","7":"category-nancy","8":"tag-actu","9":"tag-actualites","10":"tag-culture-loisirs","11":"tag-edition-luneville","12":"tag-edition-nancy-et-agglomeration","13":"tag-edition-pont-a-mousson","14":"tag-edition-toul","15":"tag-eu","16":"tag-europe","17":"tag-exposition-arts-plastiques","18":"tag-faits-divers-justice","19":"tag-fr","20":"tag-france","21":"tag-grand-est","22":"tag-insolite","23":"tag-musique","24":"tag-nancy","25":"tag-nancy-ville-54b","26":"tag-news","27":"tag-republique-francaise","28":"tag-societe"},"share_on_mastodon":{"url":"https:\/\/pubeurope.com\/@fr\/115402746310216518","error":""},"_links":{"self":[{"href":"https:\/\/www.europesays.com\/fr\/wp-json\/wp\/v2\/posts\/475519","targetHints":{"allow":["GET"]}}],"collection":[{"href":"https:\/\/www.europesays.com\/fr\/wp-json\/wp\/v2\/posts"}],"about":[{"href":"https:\/\/www.europesays.com\/fr\/wp-json\/wp\/v2\/types\/post"}],"author":[{"embeddable":true,"href":"https:\/\/www.europesays.com\/fr\/wp-json\/wp\/v2\/users\/2"}],"replies":[{"embeddable":true,"href":"https:\/\/www.europesays.com\/fr\/wp-json\/wp\/v2\/comments?post=475519"}],"version-history":[{"count":0,"href":"https:\/\/www.europesays.com\/fr\/wp-json\/wp\/v2\/posts\/475519\/revisions"}],"wp:featuredmedia":[{"embeddable":true,"href":"https:\/\/www.europesays.com\/fr\/wp-json\/wp\/v2\/media\/475520"}],"wp:attachment":[{"href":"https:\/\/www.europesays.com\/fr\/wp-json\/wp\/v2\/media?parent=475519"}],"wp:term":[{"taxonomy":"category","embeddable":true,"href":"https:\/\/www.europesays.com\/fr\/wp-json\/wp\/v2\/categories?post=475519"},{"taxonomy":"post_tag","embeddable":true,"href":"https:\/\/www.europesays.com\/fr\/wp-json\/wp\/v2\/tags?post=475519"}],"curies":[{"name":"wp","href":"https:\/\/api.w.org\/{rel}","templated":true}]}}