{"id":475532,"date":"2025-10-19T20:43:25","date_gmt":"2025-10-19T20:43:25","guid":{"rendered":"https:\/\/www.europesays.com\/fr\/475532\/"},"modified":"2025-10-19T20:43:25","modified_gmt":"2025-10-19T20:43:25","slug":"il-juge-des-villes-iseroises-sur-tiktok","status":"publish","type":"post","link":"https:\/\/www.europesays.com\/fr\/475532\/","title":{"rendered":"il juge des villes is\u00e9roises sur TikTok"},"content":{"rendered":"<p>\u00ab\u00a0C\u2019est magnifique Grenoble, \u00e7a donne vraiment envie d\u2019habiter l\u00e0\u00a0!\u00a0\u00bb Vous connaissez peut-\u00eatre le tiktokeur Edgareact qui explore le monde avec l\u2019outil Street View de Google Maps, qui permet de se promener virtuellement. Dans une vid\u00e9o publi\u00e9e sur son compte TikTok suivi par 519\u00a0000 personnes, il s\u2019est balad\u00e9 en Is\u00e8re. Le concept\u00a0? Il arr\u00eate la vid\u00e9o quand il en trouve une qui est moche selon ses go\u00fbts.<\/p>\n<p>Apr\u00e8s ses remarques positives sur Grenoble, o\u00f9 il loue notamment la pr\u00e9sence de v\u00e9g\u00e9tation, c\u2019est \u00e0 Voiron, qu\u2019il juge \u00ab\u00a0mignon\u00a0\u00bb, et La Tour-du-Pin que son chemin a continu\u00e9. \u00ab\u00a0Le nom est chelou\u00a0\u00bb dit-il notamment de cette derni\u00e8re, non sans l\u2019avoir mal orthographi\u00e9. Comme il le fera d\u2019ailleurs, avec la plupart des communes \u00ab\u00a0visit\u00e9es\u00a0\u00bb.<\/p>\n<p>  \u00ab\u00a0Pour moi, Vienne, c\u2019est en Autriche\u00a0\u00bb<\/p>\n<p>Arriv\u00e9 \u00e0 Vienne, c\u2019est d\u2019abord l\u2019\u00e9tonnement qui a prim\u00e9 sur Edgareact, pour qui la ville \u00e9tait uniquement la capitale de l\u2019Autriche. \u00ab\u00a0C\u2019est sympa, mais \u00e7a a l\u2019air vachement \u00e9troit\u00a0\u00bb pr\u00e9cise celui qui confond par ailleurs le fleuve Rh\u00f4ne longeant la ville avec la rivi\u00e8re Is\u00e8re.<\/p>\n<p>Ce contenu est bloqu\u00e9 car vous n&rsquo;avez pas accept\u00e9 les cookies et autres traceurs.<\/p>\n<p>En cliquant sur \u00ab J\u2019accepte \u00bb, les cookies et autres traceurs seront d\u00e9pos\u00e9s et vous pourrez visualiser les contenus  (<a href=\"\" class=\"consentModule_policy\" target=\"_blank\" title=\"Consulter la politique de protection des donn\u00e9es du fournisseur\">plus d&rsquo;informations<\/a>).<\/p>\n<p>En cliquant sur \u00ab J\u2019accepte tous les cookies \u00bb, vous autorisez des d\u00e9p\u00f4ts de cookies et autres traceurs pour le stockage de vos donn\u00e9es sur nos sites et applications \u00e0 des fins de personnalisation et de ciblage publicitaire.<\/p>\n<p class=\"consentModule_secondaryText\">Vous gardez la possibilit\u00e9 de retirer votre consentement \u00e0 tout moment en consultant notre <a href=\"https:\/\/www.ledauphine.com\/protection-des-donnees\" target=\"_blank\" title=\"Consulter notre politique de protection des donn\u00e9es\" rel=\"noopener\">politique de protection des donn\u00e9es<\/a>. <br \/>&#13;<br \/>\n            <a href=\"https:\/\/www.ledauphine.com\/culture-loisirs\/2025\/10\/19\/javascript:Didomi.notice.show()\" class=\"consentModule_cmp\" target=\"_blank\" rel=\"noopener\">G\u00e9rer mes choix<\/a>&#13;\n        <\/p>\n<p>&#13;<br \/>\n                        J&rsquo;accepte&#13;<br \/>\n            J&rsquo;accepte tous les cookies&#13;\n        <\/p>\n<p>  Bourgoin-Jallieu \u00ab\u00a0pas beau du tout\u00a0\u00bb<\/p>\n<p>Finalement, ce n\u2019est ni \u00e0 Tullins ou Moirans qu\u2019il termine sa vid\u00e9o, les jugeant respectivement \u00ab\u00a0pas dingue\u00a0\u00bb et \u00ab\u00a0propre et calme\u00a0\u00bb, mais \u00e0 Bourgoin-Jallieu. C\u2019est d\u2019abord au niveau des locaux du Dauphin\u00e9 Lib\u00e9r\u00e9 que son impression est mauvaise. \u00ab\u00a0On dirait un centre commercial.\u00a0\u00bb Et ce n\u2019est pas le reste de la ville qui le fait changer d\u2019avis. \u00ab\u00a0Non, ce n\u2019est pas beau du tout. Rien \u00e0 voir avec ce qu\u2019on a vu tout \u00e0 l\u2019heure, honn\u00eatement on s\u2019arr\u00eate l\u00e0\u00a0!\u00a0\u00bb<\/p>\n<p>Ce dimanche, la vid\u00e9o avait \u00e9t\u00e9 visionn\u00e9e 171\u00a0000 fois sur le r\u00e9seau social. Et dans les commentaires, chacun y va de son avis, certains n\u2019h\u00e9sitant pas \u00e0 d\u00e9fendre Bourgoin-Jallieu et le compte officiel de la Ville y a m\u00eame assur\u00e9 que \u00ab\u00a0non, c\u2019est tr\u00e8s joli Bourgoin-Jallieu\u00a0\u00bb.<\/p>\n","protected":false},"excerpt":{"rendered":"\u00ab\u00a0C\u2019est magnifique Grenoble, \u00e7a donne vraiment envie d\u2019habiter l\u00e0\u00a0!\u00a0\u00bb Vous connaissez peut-\u00eatre le tiktokeur Edgareact qui explore le&hellip;\n","protected":false},"author":2,"featured_media":475533,"comment_status":"","ping_status":"","sticky":false,"template":"","format":"standard","meta":{"footnotes":""},"categories":[9566],"tags":[1111,11,2430,12919,13047,1687,115,112,113,116,111,114,1777,674,1795,1011,27,2731,108,12,25,7831,7832],"class_list":{"0":"post-475532","1":"post","2":"type-post","3":"status-publish","4":"format-standard","5":"has-post-thumbnail","7":"category-grenoble","8":"tag-actu","9":"tag-actualites","10":"tag-auvergne-rhone-alpes","11":"tag-bourgoin-jallieu","12":"tag-bourgoin-jallieu-bassin","13":"tag-culture-loisirs","14":"tag-edition-bourgoin-jallieu-nord-dauphine","15":"tag-edition-grenoble-agglomeration","16":"tag-edition-gresivaudan-oisans","17":"tag-edition-la-tour-du-pin-nord-dauphine","18":"tag-edition-vienne-roussillon","19":"tag-edition-voiron-saint-marcellin","20":"tag-eu","21":"tag-europe","22":"tag-fil-web","23":"tag-fr","24":"tag-france","25":"tag-grenoble","26":"tag-isere","27":"tag-news","28":"tag-republique-francaise","29":"tag-voiron","30":"tag-voiron-bassin"},"share_on_mastodon":{"url":"https:\/\/pubeurope.com\/@fr\/115402782785881456","error":""},"_links":{"self":[{"href":"https:\/\/www.europesays.com\/fr\/wp-json\/wp\/v2\/posts\/475532","targetHints":{"allow":["GET"]}}],"collection":[{"href":"https:\/\/www.europesays.com\/fr\/wp-json\/wp\/v2\/posts"}],"about":[{"href":"https:\/\/www.europesays.com\/fr\/wp-json\/wp\/v2\/types\/post"}],"author":[{"embeddable":true,"href":"https:\/\/www.europesays.com\/fr\/wp-json\/wp\/v2\/users\/2"}],"replies":[{"embeddable":true,"href":"https:\/\/www.europesays.com\/fr\/wp-json\/wp\/v2\/comments?post=475532"}],"version-history":[{"count":0,"href":"https:\/\/www.europesays.com\/fr\/wp-json\/wp\/v2\/posts\/475532\/revisions"}],"wp:featuredmedia":[{"embeddable":true,"href":"https:\/\/www.europesays.com\/fr\/wp-json\/wp\/v2\/media\/475533"}],"wp:attachment":[{"href":"https:\/\/www.europesays.com\/fr\/wp-json\/wp\/v2\/media?parent=475532"}],"wp:term":[{"taxonomy":"category","embeddable":true,"href":"https:\/\/www.europesays.com\/fr\/wp-json\/wp\/v2\/categories?post=475532"},{"taxonomy":"post_tag","embeddable":true,"href":"https:\/\/www.europesays.com\/fr\/wp-json\/wp\/v2\/tags?post=475532"}],"curies":[{"name":"wp","href":"https:\/\/api.w.org\/{rel}","templated":true}]}}