{"id":475557,"date":"2025-10-19T20:58:10","date_gmt":"2025-10-19T20:58:10","guid":{"rendered":"https:\/\/www.europesays.com\/fr\/475557\/"},"modified":"2025-10-19T20:58:10","modified_gmt":"2025-10-19T20:58:10","slug":"lara-fabian-crie-son-amour-et-fait-vibrer-le-dome-de-marseille","status":"publish","type":"post","link":"https:\/\/www.europesays.com\/fr\/475557\/","title":{"rendered":"Lara Fabian crie son amour et fait vibrer le D\u00f4me de Marseille"},"content":{"rendered":"<p>\u00ab\u00a0Quelle joie, quel bonheur, quel privil\u00e8ge de pouvoir vous dire\u00a0: je suis l\u00e0\u00a0\u00bb. V\u00eatue d&rsquo;une longue robe noire, cheveux blonds d\u00e9tach\u00e9s, taille marqu\u00e9e, micro \u00e0 la main&#8230; Lara Fabian est apparue sur la sc\u00e8ne du D\u00f4me <a href=\"https:\/\/www.laprovence.com\/article\/culture-loisirs\/2307352773576214\/lara-fabian-la-musique-n-est-plus-guerison-mais-transmission\" target=\"_blank\" rel=\"noopener\">en interpr\u00e9tant Je suis l\u00e0, titre incontournable de son 17e album \u00e9ponyme<\/a>. Ce soir, elle nous a embarqu\u00e9s pour un voyage musical, entre hier et aujourd&rsquo;hui. Tr\u00e8s vite, on remonte le temps en\u00a01996 lorsqu&rsquo;elle chante La Diff\u00e9rence. Celle qui d\u00e9range&#8230;<\/p>\n<p>Un hymne \u00e0 la tol\u00e9rance qui avait marqu\u00e9 les esprits de l&rsquo;\u00e9poque et qui ravit d\u00e9j\u00e0 les quelque 8\u00a0500 spectateurs du D\u00f4me. D\u00e8s la fin de la chanson, petits et grands se sont pr\u00e9cipit\u00e9s au pied de la sc\u00e8ne, l\u00e0 o\u00f9 Lara Fabian s&rsquo;\u00e9tait assise, pour lui apporter bouquets de fleurs, peluches et autres cadeaux. Apr\u00e8s quelques centaines de \u00ab\u00a0merci\u00a0\u00bb, <a href=\"https:\/\/www.laprovence.com\/article\/sorties-loisirs\/6931734\/lara-fabian-cultive-le-sens-du-partage.html\" target=\"_blank\" rel=\"noopener\">la chanteuse belgo-canadienne<\/a> de 55\u00a0ans a envoy\u00e9 un message d&rsquo;amour \u00e0 son public. \u00ab\u00a0Auparavant, je me servais de la musique pour transformer mes peines, aujourd&rsquo;hui je n&rsquo;en ai plus besoin. Et je fais la pri\u00e8re, le v\u0153u, que ceux qui souffrent puissent trouver dans mes mots une fa\u00e7on de gu\u00e9rir leurs maux\u00a0\u00bb.<\/p>\n<p>En duo avec Amalya de \u00ab\u00a0The Voice\u00a0\u00bb<\/p>\n<p>Et c&rsquo;est bien tout le sens de son dernier opus co\u00e9crit e&#8230;<\/p>\n","protected":false},"excerpt":{"rendered":"\u00ab\u00a0Quelle joie, quel bonheur, quel privil\u00e8ge de pouvoir vous dire\u00a0: je suis l\u00e0\u00a0\u00bb. V\u00eatue d&rsquo;une longue robe noire,&hellip;\n","protected":false},"author":2,"featured_media":475558,"comment_status":"","ping_status":"","sticky":false,"template":"","format":"standard","meta":{"footnotes":""},"categories":[2814],"tags":[17,1111,11,1376,59894,251,1777,674,57602,21,1011,27,46554,884,12,882,25,3711,38402],"class_list":{"0":"post-475557","1":"post","2":"type-post","3":"status-publish","4":"format-standard","5":"has-post-thumbnail","7":"category-marseille","8":"tag-17","9":"tag-actu","10":"tag-actualites","11":"tag-amour","12":"tag-crie","13":"tag-culture","14":"tag-eu","15":"tag-europe","16":"tag-fabian","17":"tag-fait","18":"tag-fr","19":"tag-france","20":"tag-lara","21":"tag-marseille","22":"tag-news","23":"tag-provence-alpes-cote-dazur","24":"tag-republique-francaise","25":"tag-son","26":"tag-vibrer"},"share_on_mastodon":{"url":"","error":""},"_links":{"self":[{"href":"https:\/\/www.europesays.com\/fr\/wp-json\/wp\/v2\/posts\/475557","targetHints":{"allow":["GET"]}}],"collection":[{"href":"https:\/\/www.europesays.com\/fr\/wp-json\/wp\/v2\/posts"}],"about":[{"href":"https:\/\/www.europesays.com\/fr\/wp-json\/wp\/v2\/types\/post"}],"author":[{"embeddable":true,"href":"https:\/\/www.europesays.com\/fr\/wp-json\/wp\/v2\/users\/2"}],"replies":[{"embeddable":true,"href":"https:\/\/www.europesays.com\/fr\/wp-json\/wp\/v2\/comments?post=475557"}],"version-history":[{"count":0,"href":"https:\/\/www.europesays.com\/fr\/wp-json\/wp\/v2\/posts\/475557\/revisions"}],"wp:featuredmedia":[{"embeddable":true,"href":"https:\/\/www.europesays.com\/fr\/wp-json\/wp\/v2\/media\/475558"}],"wp:attachment":[{"href":"https:\/\/www.europesays.com\/fr\/wp-json\/wp\/v2\/media?parent=475557"}],"wp:term":[{"taxonomy":"category","embeddable":true,"href":"https:\/\/www.europesays.com\/fr\/wp-json\/wp\/v2\/categories?post=475557"},{"taxonomy":"post_tag","embeddable":true,"href":"https:\/\/www.europesays.com\/fr\/wp-json\/wp\/v2\/tags?post=475557"}],"curies":[{"name":"wp","href":"https:\/\/api.w.org\/{rel}","templated":true}]}}