{"id":475559,"date":"2025-10-19T20:59:12","date_gmt":"2025-10-19T20:59:12","guid":{"rendered":"https:\/\/www.europesays.com\/fr\/475559\/"},"modified":"2025-10-19T20:59:12","modified_gmt":"2025-10-19T20:59:12","slug":"un-nouveau-record-de-participation-a-marseille-chateau-gombert","status":"publish","type":"post","link":"https:\/\/www.europesays.com\/fr\/475559\/","title":{"rendered":"un nouveau record de participation \u00e0 Marseille Ch\u00e2teau-Gombert"},"content":{"rendered":"<p>Patrick Fedele, le jeune pr\u00e9sident du VC Gombertois, affichait ce dimanche un large sourire de satisfaction. <a href=\"https:\/\/www.laprovence.com\/article\/sports\/24768956595956\/cyclo-cross-un-beau-plateau-et-200-participants-attendus-a-chateau-gombert-ce-dimanche\" target=\"_blank\" rel=\"noopener\">La 3e \u00e9dition du cyclo-cross du club du 13e arrondissement de Marseille<\/a> a \u00e9t\u00e9 une totale r\u00e9ussite. \u00ab\u00a0Nous avons battu notre record de participation avec 255 coureurs engag\u00e9s repr\u00e9sentant 49 clubs de la r\u00e9gion Sud-Est. \u00c0 titre d&rsquo;exemple, l&rsquo;an dernier, nous avions eu 180 concurrents au d\u00e9part des 10 courses\u00a0\u00bb.<\/p>\n<p>Il faut souligner que pour ce troisi\u00e8me opus des sous-bois sur le terrain de La Claire, les b\u00e9n\u00e9voles ont mis la barre haut en organisant une \u00e9preuve digne d&rsquo;une manche de coupe de France. Le circuit de 2,25\u00a0km, technique et difficile, avec une bute \u00e0 franchir par des marches d&rsquo;escalier faites de terre sableuse et d&#8217;empierrement anarchique a us\u00e9 les organismes. Outre le parcours, les infrastructures (du parking \u00e0 la restauration) mises \u00e0 la disposition des coureurs et des spectateurs \u00e9taient \u00e0 la hauteur du cahier des charges d&rsquo;une manifestation f\u00e9d\u00e9rale. De quoi passer donc une belle journ\u00e9e \u00e0 suivre les courses, des \u00e9coles de v\u00e9lo (U7 \u00e0 U13) \u00e0 l&rsquo;\u00e9preuve Elite, \u00e9pilogue de ce cyclo-cross gombertois.<\/p>\n<p>Et c\u00f4t\u00e9 spectacle sportif, le public a \u00e9t\u00e9 combl\u00e9. Chez les U17, si la victoire est revenue \u00e0 L\u00e9o Dieudonn\u00e9 (MS Mandelieu), la palme du\u00a0combatif est d\u00e9cern\u00e9e \u00e0 Quentin Filly (VC la Pomme). Victime du d\u00e9raillement de sa cha\u00eene au premier tour, le Marseillais a d\u00fb s&#8217;employer pour remonter sur la t\u00eate de course, s&rsquo;envolant\u00a0au-dessus des planches pour revenir au contact de l&rsquo;Azur\u00e9en. En vain. le jeune pommier a d\u00fb se contenter de la deuxi\u00e8me marche du podium.\u00a0\u00ab\u00a0Je suis\u00a0forc\u00e9ment d\u00e9\u00e7u car j&rsquo;avais des bonnes jambes, j&rsquo;aurais pu faire mieux, mais c&rsquo;est la course\u00a0\u00bb, a-t-il d\u00e9clar\u00e9.<\/p>\n<p>Dans l&rsquo;\u00e9preuve des U19, Baptiste Grondin \u00e9tait hyper concentr\u00e9 sur la ligne de d\u00e9part. Le junior gombertois avait \u00e0 c\u0153ur de lever les bras sur ses terres. Auteur d&rsquo;un d\u00e9part canon, le Marseillais prenait la t\u00eate de course, emmenant ses adversaires directs dans sa roue. Sous la pression, il se faisait doubler par le vainqueur Louis Durand (Team Costes P\u00e9lissanne) puis Kylian Bovo Bianto (VC Le Thor Gadagne) avant de c\u00e9der sa troisi\u00e8me place \u00e0\u00a0Mathieu Cuello (MJC Plan-de-Cuques) au dernier passage des planches. Tr\u00e8s d\u00e9\u00e7u, le jeune junior du VC Gombertois aura d&rsquo;autres occasions de prendre sa revanche.<\/p>\n<p>Dans les autres courses, on note la victoire sans surprise de Mathias Pype chez les Masters, de Renaud Philipp (ACME) chez les Elites, de S\u00e9verine Corret (Pierrevert) chez les dames et de Quentin Canolle (EC ST-Cyrienne) chez les U15.<\/p>\n<p>R\u00e9sultats complets ce mercredi dans la page \u00ab\u00a0Cyclisme R\u00e9gion\u00a0\u00bb<\/p>\n","protected":false},"excerpt":{"rendered":"Patrick Fedele, le jeune pr\u00e9sident du VC Gombertois, affichait ce dimanche un large sourire de satisfaction. La 3e&hellip;\n","protected":false},"author":2,"featured_media":475560,"comment_status":"","ping_status":"","sticky":false,"template":"","format":"standard","meta":{"footnotes":""},"categories":[2814],"tags":[17,1111,11,9067,59294,1777,674,1011,27,884,12,4565,48274,882,3241,25,60],"class_list":{"0":"post-475559","1":"post","2":"type-post","3":"status-publish","4":"format-standard","5":"has-post-thumbnail","7":"category-marseille","8":"tag-17","9":"tag-actu","10":"tag-actualites","11":"tag-chateau-gombert","12":"tag-cyclo-cross","13":"tag-eu","14":"tag-europe","15":"tag-fr","16":"tag-france","17":"tag-marseille","18":"tag-news","19":"tag-nouveau","20":"tag-participation","21":"tag-provence-alpes-cote-dazur","22":"tag-record","23":"tag-republique-francaise","24":"tag-sports"},"share_on_mastodon":{"url":"https:\/\/pubeurope.com\/@fr\/115402844712323107","error":""},"_links":{"self":[{"href":"https:\/\/www.europesays.com\/fr\/wp-json\/wp\/v2\/posts\/475559","targetHints":{"allow":["GET"]}}],"collection":[{"href":"https:\/\/www.europesays.com\/fr\/wp-json\/wp\/v2\/posts"}],"about":[{"href":"https:\/\/www.europesays.com\/fr\/wp-json\/wp\/v2\/types\/post"}],"author":[{"embeddable":true,"href":"https:\/\/www.europesays.com\/fr\/wp-json\/wp\/v2\/users\/2"}],"replies":[{"embeddable":true,"href":"https:\/\/www.europesays.com\/fr\/wp-json\/wp\/v2\/comments?post=475559"}],"version-history":[{"count":0,"href":"https:\/\/www.europesays.com\/fr\/wp-json\/wp\/v2\/posts\/475559\/revisions"}],"wp:featuredmedia":[{"embeddable":true,"href":"https:\/\/www.europesays.com\/fr\/wp-json\/wp\/v2\/media\/475560"}],"wp:attachment":[{"href":"https:\/\/www.europesays.com\/fr\/wp-json\/wp\/v2\/media?parent=475559"}],"wp:term":[{"taxonomy":"category","embeddable":true,"href":"https:\/\/www.europesays.com\/fr\/wp-json\/wp\/v2\/categories?post=475559"},{"taxonomy":"post_tag","embeddable":true,"href":"https:\/\/www.europesays.com\/fr\/wp-json\/wp\/v2\/tags?post=475559"}],"curies":[{"name":"wp","href":"https:\/\/api.w.org\/{rel}","templated":true}]}}