{"id":475567,"date":"2025-10-19T21:03:12","date_gmt":"2025-10-19T21:03:12","guid":{"rendered":"https:\/\/www.europesays.com\/fr\/475567\/"},"modified":"2025-10-19T21:03:12","modified_gmt":"2025-10-19T21:03:12","slug":"quelles-perturbations-prevoir-pour-la-ratp-et-la-sncf-cette-semaine-47","status":"publish","type":"post","link":"https:\/\/www.europesays.com\/fr\/475567\/","title":{"rendered":"Quelles perturbations pr\u00e9voir pour la RATP et la SNCF cette semaine\u00a0?"},"content":{"rendered":"<p>Une nouvelle semaine d\u00e9marre et les transports parisiens et franciliens connaissent de nouvelles perturbations. Voici ce qu\u2019il faut savoir afin d\u2019appr\u00e9hender au mieux vos d\u00e9placements du lundi\u00a020 au dimanche 26\u00a0octobre dans la capitale et sa r\u00e9gion.<\/p>\n<p>M\u00e9tro<\/p>\n<ul>\n<li>Ligne 6\u00a0: du 20 au 30\u00a0octobre, le trafic est interrompu entre Place d\u2019Italie et La Motte-Picquet \u2013 Grenelle (travaux). Des bus de substitution seront mis en place.<\/li>\n<li>Ligne 14\u00a0: le 26\u00a0octobre jusqu\u2019\u00e0 10h, le trafic est interrompu (travaux). Des bus de substitution seront mis en place. entre Gare de Lyon et Olympiades.<\/li>\n<\/ul>\n<p>RER<\/p>\n<ul>\n<li>RER A\u00a0: du 20\u00a0octobre au 30\u00a0octobre, du lundi au vendredi \u00e0 partir de 22h, le trafic est interrompu entre Nanterre-Pr\u00e9fecture et Cergy Le-Haut\/<a href=\"https:\/\/www.20minutes.fr\/dossier\/poissy\" class=\"c-link c-link--is-underlined\" target=\"_blank\" rel=\"noopener\">Poissy<\/a> (travaux).<\/li>\n<li><a href=\"https:\/\/www.20minutes.fr\/dossier\/rer_b\" class=\"c-link c-link--is-underlined\" target=\"_blank\" rel=\"noopener\">RER B<\/a>\u00a0: jusqu\u2019au 10\u00a0novembre, du lundi au vendredi \u00e0 partir de 22h45, le trafic sera interrompu entre\u200b\u200b\u200b\u200b Ch\u00e2telet \u2013 Les Halles et Mitry \u2013 Claye\/A\u00e9roport CDG 2 (travaux).<\/li>\n<li>RER C\u00a0: samedi\u00a025 et dimanche 26\u00a0octobre, le trafic sera interrompu \u00e0 partir de 23h45 entre Juvisy et Paris Austerlitz. Par ailleurs, ce m\u00eame week-end, le trafic des trains \u00e0 destination de Dourdan et Etampes est interrompu progressivement d\u00e8s 23h45 le samedi et 22h le dimanche. Du lundi\u00a020 au vendredi 24\u00a0octobre, la gare de Dourdan La For\u00eat n\u2019est pas desservie. Du samedi\u00a025 au dimanche 26\u00a0octobre, les trains sont directs de Choisy le Roi \u00e0 Juvisy et les gares de Villeneuve-le-Roi, Ablon et Athis-Mons ne sont pas desservies par les trains \u00e0 destination de Juvisy. Le trafic sera aussi interrompu d\u00e8s 23h45 de Saint-Quentin en Yvelines vers Javel du mercredi 01 au vendredi 31\u00a0octobre sauf les samedis et dimanches, ainsi qu\u2019entre Javel et Versailles Ch\u00e2teau Rive Gauche, \u00e9galement en soir\u00e9e, avec un dernier train au d\u00e9part de Versailles ch\u00e2teau Rive Gauche pour Javel \u00e0 22h25. D\u00e8s 23h jusqu\u2019en fin de soir\u00e9e du 1er au 31\u00a0octobre (sauf les samedis et dimanches), le trafic sera interrompu entre Paris Austerlitz et Pont de Rungis. Enfin, jusqu\u2019au 11\u00a0janvier, l\u2019arr\u00eat Issy n\u2019est pas desservi vers Versailles Ch\u00e2teau Rive Gauche et Saint-Quentin en Yvelines \u2013 Montigny-le-Bretonneux en raison de travaux.<\/li>\n<li>RER D\u00a0: du 20\u00a0octobre au 28\u00a0novembre (sauf les jours f\u00e9ri\u00e9s\u00e0), le trafic est interrompu entre Paris Gare de Lyon et Paris Gare du Nord. Jusqu\u2019au 28\u00a0novembre, le trafic sera interrompu entre Paris Gare du Nord et Creil d\u00e8s 21h00 et les trains sont origine et terminus Goussainville. Jusqu\u2019au 31\u00a0octobre, du lundi au vendredi d\u00e8s 22h30, les arr\u00eats ne sont pas desservis \u00e0 Maisons-Alfort \u2013 Alfortville, Le Vert de Maisons, Cr\u00e9teil Pompadour et Villeneuve Triage. Le samedi\u00a025 et le dimanche 26\u00a0octobre, le trafic sera interrompu entre Paris <a href=\"https:\/\/www.20minutes.fr\/dossier\/gare_de_lyon\" class=\"c-link c-link--is-underlined\" target=\"_blank\" rel=\"noopener\">Gare de Lyon<\/a> et Villeneuve Saint-Georges de 22h25 \u00e0 5h25.<\/li>\n<li>RER E\u00a0: jusqu\u2019au 31\u00a0octobre, du lundi au vendredi \u00e0 partir de 22h45, le trafic sera interrompu entre Nanterre-La-Folie et Chelles \u2013 Gournay. Des bus de remplacement sont mis en place. Par ailleurs, toujours jusqu\u2019au 31\u00a0octobre, le trafic sera interrompu entre Nanterre-La-Folie et Villiers-sur-Marne et entre Nanterre-la-Folie et Tournan d\u00e8s 22h25.<\/li>\n<\/ul>\n<p>Transilien<\/p>\n<ul>\n<li>Ligne H\u00a0: les week-ends jusqu\u2019au dimanche 7\u00a0d\u00e9cembre, le trafic sera interrompu de 22h50 \u00e0 08h50 entre Gare du Nord et Ermont \u2013 Eaubonne. Des bus de substitution seront mis en place.<\/li>\n<li>Ligne J\u00a0: jusqu\u2019au 24\u00a0octobre, du lundi au vendredi de 10h \u00e0 16h, le trafic sera interrompu entre Gisors et Pontoise vers Gisors et <a href=\"https:\/\/www.20minutes.fr\/dossier\/gare_saint_lazare-1\" class=\"c-link c-link--is-underlined\" target=\"_blank\" rel=\"noopener\">Gare Saint-Lazare<\/a>. Jusqu\u2019au jeudi 30\u00a0octobre (hors week-end), le trafic sra interrompu d\u00e8s 21h entre <a href=\"https:\/\/www.20minutes.fr\/dossier\/argenteuil\" class=\"c-link c-link--is-underlined\" target=\"_blank\" rel=\"noopener\">Argenteuil<\/a> et Pontoise\/Mantes-la-Jolie via Conflans-Sainte-Honorine. Jusqu\u2019au 31\u00a0octobre, le dernier ou les deux derniers trains pourront par ailleurs \u00eatre supprim\u00e9s.<\/li>\n<li>Ligne K\u00a0: en soir\u00e9e de semaine et jusqu\u2019au samedi matin, jusqu\u2019au samedi 20\u00a0d\u00e9cembre, le trafic sera interrompu entre <a href=\"https:\/\/www.20minutes.fr\/dossier\/gare_du_nord\" class=\"c-link c-link--is-underlined\" target=\"_blank\" rel=\"noopener\">Gare du Nord<\/a> et Cr\u00e9py-en-Valois. Le dernier train vers Cr\u00e9py-en-Valois part \u00e0 20h13.<\/li>\n<li>Ligne L\u00a0: jusqu\u2019a vendredi 7\u00a0novembre, le trafic sera interrompu d\u00e8s 21h45 entre Paris Saint-Lazare et La D\u00e9fense. Le week-end des 25-26 octobre, le trafic est interrompu entre B\u00e9con les Bruy\u00e8res et Maisons-Laffitte. Du lundi\u00a020 au vendredi 24\u00a0octobre, le trafic sera interrompu d\u00e8s 21h50 entre Sartrouville et Maisons-Laffitte et les trains qui circulent entre Paris Saint-Lazare et Sartrouville ne marquent pas l\u2019arr\u00eat \u00e0 Nanterre Universit\u00e9.<\/li>\n<li>Ligne N\u00a0: jusqu\u2019au vendredi 24\u00a0octobre, le trafic est interrompu \u00e0 partir de 22h entre Paris Montparnasse et Plaisir \u2013 Grignon, \u00e0 partir de 21h30 entre Paris Montparnasse et Dreux, d\u00e8s 21h entre Paris Montparnasse vers Mantes-la-Jolie. Le 25 octobre, le trafic sera interrompu entre Paris Montparnasse et Versailles Chantiers.<\/li>\n<li>Ligne P\u00a0: samedi 25\u00a0octobre, le trafic sera interrompu entre Paris Est et Meaux \u00e0 partir de 22h50. En semaine d\u00e8s 22h20, jusqu\u2019au vendredi 31\u00a0octobre, le trafic est interrompu entre Paris Est et <a href=\"https:\/\/www.20minutes.fr\/dossier\/meaux\" class=\"c-link c-link--is-underlined\" target=\"_blank\" rel=\"noopener\">Meaux<\/a> et jusqu\u2019au vendredi 19\u00a0d\u00e9cembre, le trafic sera interrompu entre Paris Est et Coulommiers. D\u2019autres perturbations sont notables en soir\u00e9e.<\/li>\n<li>Ligne R\u00a0: jusqu\u2019au 24\u00a0octobre, le trafic est interrompu entre Melun et Montereau via H\u00e9ricy en semaine de 10h26 \u00e0 15h30. Samedi\u00a025 et dimanche 26\u00a0octobre, le trafic sera interrompu entre Melun et Montereau via Moret Veneux les Sablons et entre <a href=\"https:\/\/www.20minutes.fr\/dossier\/melun\" class=\"c-link c-link--is-underlined\" target=\"_blank\" rel=\"noopener\">Melun<\/a> et Montargis.<\/li>\n<li>Ligne U\u00a0: jusqu\u2019en vendredi 31\u00a0octobre, d\u00e8s 22h20, le trafic sera interrompu entre La Verri\u00e8re et La D\u00e9fense.<\/li>\n<\/ul>\n<p>Tramway<\/p>\n<ul>\n<li>T1\u00a0: le trafic sera interrompu entre <a href=\"https:\/\/www.20minutes.fr\/dossier\/asnieres\" class=\"c-link c-link--is-underlined\" target=\"_blank\" rel=\"noopener\">Asni\u00e8res<\/a> \u2013 Quatre Routes et Gare de Saint-Denis et perturb\u00e9 sur le reste de la ligne en raison d\u2019une d\u00e9gradation par un tiers \u00e0 L\u2019\u00cele-Saint-Denis. Pas de reprise pr\u00e9vue jusqu\u2019\u00e0 nouvel ordre. Dans la nuit du jeudi\u00a015 au vendredi 16\u00a0mai, un bateau a percut\u00e9 le pont reliant Saint-Denis \u00e0 l\u2019Ile-<a href=\"https:\/\/www.20minutes.fr\/dossier\/saint-denis\" class=\"c-link c-link--is-underlined\" target=\"_blank\" rel=\"noopener\">Saint-Denis<\/a> et l\u2019ouvrage est depuis ferm\u00e9 par mesure de pr\u00e9caution.<\/li>\n<li>T2\u00a0: jusqu\u2019\u00e0 fin f\u00e9vrier\u00a02026, le trafic sera interrompu entre Porte de Versailles et Suzanne Lenglen (travaux).<\/li>\n<li>T11\u00a0: jusqu\u2019au vendredi 24\u00a0octobre, le trafic sera interrompu sur l\u2019ensemble de la ligne d\u00e8s 22h.<\/li>\n<li>T12\u00a0: du 24\u00a0octobre \u00e0 2h0 au 25\u00a0octobre \u00e0 11h, le trafic est interrompu sur toute la ligne (travaux).<\/li>\n<\/ul>\n","protected":false},"excerpt":{"rendered":"Une nouvelle semaine d\u00e9marre et les transports parisiens et franciliens connaissent de nouvelles perturbations. Voici ce qu\u2019il faut&hellip;\n","protected":false},"author":2,"featured_media":475568,"comment_status":"","ping_status":"","sticky":false,"template":"","format":"standard","meta":{"footnotes":""},"categories":[1592],"tags":[1111,11,1777,674,63,1011,27,662,12,626,1306,25,517],"class_list":{"0":"post-475567","1":"post","2":"type-post","3":"status-publish","4":"format-standard","5":"has-post-thumbnail","7":"category-ile-de-france","8":"tag-actu","9":"tag-actualites","10":"tag-eu","11":"tag-europe","12":"tag-football","13":"tag-fr","14":"tag-france","15":"tag-ile-de-france","16":"tag-news","17":"tag-paris","18":"tag-regions","19":"tag-republique-francaise","20":"tag-sport"},"share_on_mastodon":{"url":"https:\/\/pubeurope.com\/@fr\/115402860330632296","error":""},"_links":{"self":[{"href":"https:\/\/www.europesays.com\/fr\/wp-json\/wp\/v2\/posts\/475567","targetHints":{"allow":["GET"]}}],"collection":[{"href":"https:\/\/www.europesays.com\/fr\/wp-json\/wp\/v2\/posts"}],"about":[{"href":"https:\/\/www.europesays.com\/fr\/wp-json\/wp\/v2\/types\/post"}],"author":[{"embeddable":true,"href":"https:\/\/www.europesays.com\/fr\/wp-json\/wp\/v2\/users\/2"}],"replies":[{"embeddable":true,"href":"https:\/\/www.europesays.com\/fr\/wp-json\/wp\/v2\/comments?post=475567"}],"version-history":[{"count":0,"href":"https:\/\/www.europesays.com\/fr\/wp-json\/wp\/v2\/posts\/475567\/revisions"}],"wp:featuredmedia":[{"embeddable":true,"href":"https:\/\/www.europesays.com\/fr\/wp-json\/wp\/v2\/media\/475568"}],"wp:attachment":[{"href":"https:\/\/www.europesays.com\/fr\/wp-json\/wp\/v2\/media?parent=475567"}],"wp:term":[{"taxonomy":"category","embeddable":true,"href":"https:\/\/www.europesays.com\/fr\/wp-json\/wp\/v2\/categories?post=475567"},{"taxonomy":"post_tag","embeddable":true,"href":"https:\/\/www.europesays.com\/fr\/wp-json\/wp\/v2\/tags?post=475567"}],"curies":[{"name":"wp","href":"https:\/\/api.w.org\/{rel}","templated":true}]}}