{"id":475569,"date":"2025-10-19T21:04:13","date_gmt":"2025-10-19T21:04:13","guid":{"rendered":"https:\/\/www.europesays.com\/fr\/475569\/"},"modified":"2025-10-19T21:04:13","modified_gmt":"2025-10-19T21:04:13","slug":"lopposant-tufan-erhurman-elu-a-la-presidence","status":"publish","type":"post","link":"https:\/\/www.europesays.com\/fr\/475569\/","title":{"rendered":"l\u2019opposant Tufan Erh\u00fcrman \u00e9lu \u00e0 la pr\u00e9sidence"},"content":{"rendered":"<p>                          <img loading=\"lazy\" decoding=\"async\" src=\"https:\/\/www.europesays.com\/fr\/wp-content\/uploads\/2025\/10\/4959b59_ftp-import-images-1-7gymybxk6ivy-20792beeed784e1182c003907f572224-0-c53d766330b4438ea588c8fa.jpeg\" alt=\"Tufan Erhurman, pr\u00e9sident du Parti turc r\u00e9publicain, et son \u00e9pouse Nilden Bektas dans un bureau de vote de Nicosie, le 19\u00a0octobre 2025. \"   width=\"664\" height=\"443\"\/>    Tufan Erhurman, pr\u00e9sident du Parti turc r\u00e9publicain, et son \u00e9pouse Nilden Bektas dans un bureau de vote de Nicosie, le 19\u00a0octobre 2025.  NEDIM ENGINSOY \/ AP                          <\/p>\n<p class=\"article__paragraph  \">Les \u00e9lecteurs de la R\u00e9publique turque de Chypre-Nord (RTCN), reconnue seulement par la Turquie, ont inflig\u00e9, dimanche 19\u00a0octobre, un revers \u00e0 Ankara en d\u00e9signant Tufan Erh\u00fcrman \u00e0 la pr\u00e9sidence.<\/p>\n<p class=\"article__paragraph  \">Le candidat de l\u2019opposition \u00e2g\u00e9 de 55\u00a0ans l\u2019a remport\u00e9 avec 62,76\u00a0% des voix contre 35,81\u00a0% pour le pr\u00e9sident sortant, Ersin Tatar, qui \u00e9tait soutenu par son homologue turc, Recep Tayyip Erdogan, selon les r\u00e9sultats annonc\u00e9s dans la soir\u00e9e soir par le Haut conseil \u00e9lectoral chypriote turc. La participation a \u00e9t\u00e9 de 64,87\u00a0%.<\/p>\n<p class=\"article__paragraph  \">Le chef de l\u2019Etat turc a n\u00e9anmoins rapidement adress\u00e9 ses f\u00e9licitations au vainqueur, disant \u00ab\u00a0esp\u00e9rer que ces \u00e9lections, qui d\u00e9montrent une fois de plus la maturit\u00e9 d\u00e9mocratique de la R\u00e9publique turque de Chypre du Nord (\u2026) seront b\u00e9n\u00e9fiques pour nos pays et notre r\u00e9gion\u00a0\u00bb.<\/p>\n<p class=\"article__paragraph  \">Avocat de profession n\u00e9 \u00e0 Nicosie et form\u00e9 \u00e0 l\u2019universit\u00e9 d\u2019Ankara, Tufan Erh\u00fcrman, qui est \u00e0 la t\u00eate du Parti turc r\u00e9publicain (CTP, social-d\u00e9mocrate), souhaite relancer les n\u00e9gociations en vue d\u2019une r\u00e9unification de Chypre dans le cadre d\u2019un Etat f\u00e9d\u00e9ral. Ersin Tatar plaidait, lui, pour une solution \u00e0 deux Etats.<\/p>\n<p>                                       Lire aussi |  Article r\u00e9serv\u00e9 \u00e0 nos abonn\u00e9s  <a href=\"https:\/\/www.lemonde.fr\/international\/article\/2025\/10\/18\/a-chypre-nord-l-ombre-du-pouvoir-turc-plane-sur-la-presidentielle_6648006_3210.html\" class=\"js-article-read-also catcher--favoris__link\" data-premium=\"1\" id=\"article-title-3442902\" rel=\"nofollow noopener\" target=\"_blank\">Dans le nord de Chypre, l\u2019ombre du pouvoir turc plane sur la pr\u00e9sidentielle<\/a>    <\/p>\n<p>   Lire plus tard  <\/p>\n<p class=\"article__paragraph  \">\u00ab\u00a0Il n\u2019y a pas de perdant dans cette \u00e9lection. Nous, le peuple chypriote turc, avons gagn\u00e9 ensemble\u00a0\u00bb, a-t-il aussit\u00f4t affirm\u00e9. \u00ab\u00a0J\u2019exercerai mes responsabilit\u00e9s, notamment en mati\u00e8re de politique \u00e9trang\u00e8re, en concertation avec la R\u00e9publique de Turquie. Que personne ne s\u2019inqui\u00e8te.\u00a0\u00bb<\/p>\n<p>                    \u00ab\u00a0D\u00e9fendre les int\u00e9r\u00eats\u00a0\u00bb de la RTCN                    <\/p>\n<p class=\"article__paragraph  \">Dans un message diffus\u00e9 sur X, M.\u00a0Erdogan promet que la Turquie \u00ab\u00a0continuera de d\u00e9fendre les droits et les int\u00e9r\u00eats souverains de la RTCN\u00a0\u00bb.<\/p>\n<p class=\"article__paragraph  \">\u00ab\u00a0En tant que m\u00e8re patrie et pays garant, nous continuerons toujours \u00e0 soutenir la RTCN et les Chypriotes turcs\u00a0\u00bb, a \u00e9galement affirm\u00e9 le vice-pr\u00e9sident turc, Cevdet Yilmaz.<\/p>\n<p class=\"article__paragraph  \">En revanche, l\u2019alli\u00e9 nationaliste du pr\u00e9sident Erdogan, Devlet Bah\u00e7eli, pr\u00e9sident du Parti d\u2019action nationaliste (MHP), a appel\u00e9 le Parlement chypriote turc \u00e0 rejeter le scrutin. \u00ab\u00a0Le Parlement de la RTCN doit se r\u00e9unir d\u2019urgence, d\u00e9clarer les r\u00e9sultats du scrutin et le retour \u00e0 la f\u00e9d\u00e9ration inacceptables et voter en faveur de l\u2019adh\u00e9sion \u00e0 la R\u00e9publique de Turquie\u00a0\u00bb, a-t-il d\u00e9clar\u00e9 selon ses propos rapport\u00e9s sur X par le vice-pr\u00e9sident du mouvement, Ismail \u00d6zdemir.<\/p>\n<p class=\"article__paragraph  \">L\u2019opposition turque a salu\u00e9 avec enthousiasme la victoire de M. Erh\u00fcrman, estimant que \u00ab\u00a0le peuple chypriote turc (\u2026) a r\u00e9agi \u00e0 l\u2019ing\u00e9rence ext\u00e9rieure dans la d\u00e9mocratie\u00a0\u00bb.<\/p>\n<p> Le Monde M\u00e9morable  <\/p>\n<p> <a href=\"https:\/\/www.lemonde.fr\/memorable\/?rfextension=inread\" class=\"inread__link js-services-inread-link\" target=\"_blank\" rel=\"nofollow noopener\">  <\/p>\n<p>Testez votre culture g\u00e9n\u00e9rale avec la r\u00e9daction du \u00ab Monde \u00bb<\/p>\n<p>Testez votre culture g\u00e9n\u00e9rale avec la r\u00e9daction du \u00ab Monde \u00bb<\/p>\n<p>D\u00e9couvrir<\/p>\n<p> <\/a>      <\/p>\n<p> Newsletter  <\/p>\n<p> <a href=\"https:\/\/www.lemonde.fr\/newsletters\/a-la-une\/\" class=\"inread__link js-services-inread-link\" target=\"_blank\" rel=\"nofollow noopener\">  <\/p>\n<p>\u00ab A la une \u00bb<\/p>\n<p>Chaque matin, parcourez l&rsquo;essentiel de l&rsquo;actualit\u00e9 du jour avec les derniers titres du \u00ab Monde \u00bb<\/p>\n<p>S&rsquo;inscrire<\/p>\n<p> <\/a>          <\/p>\n<p> Le Monde Application  <\/p>\n<p> <a href=\"https:\/\/lamatinale.onelink.me\/gKMy\/ahw2ubr3\" class=\"inread__link js-services-inread-link\" target=\"_blank\" rel=\"nofollow noopener\">  <\/p>\n<p>La Matinale du Monde<\/p>\n<p>Chaque matin, retrouvez notre s\u00e9lection de 20 articles \u00e0 ne pas manquer <\/p>\n<p>T\u00e9l\u00e9charger l&rsquo;application<\/p>\n<p> <\/a>      <\/p>\n<p> Newsletter abonn\u00e9s  <\/p>\n<p> <a href=\"https:\/\/www.lemonde.fr\/newsletters\/international\/\" class=\"inread__link js-services-inread-link\" target=\"_blank\" rel=\"nofollow noopener\">  <\/p>\n<p>\u00ab International \u00bb<\/p>\n<p>L\u2019essentiel de l\u2019actualit\u00e9 internationale de la semaine<\/p>\n<p>S&rsquo;inscrire<\/p>\n<p> <\/a>             <\/p>\n<p class=\"article__paragraph  \">\u00ab\u00a0Esp\u00e9rons que ceux qui, \u00e0 Ankara, (\u2026) recourent \u00e0 toutes sortes de propagandes pour assurer la victoire de leur candidat et qui font ce soir conna\u00eetre leur d\u00e9go\u00fbt face aux r\u00e9sultats des \u00e9lections ont bien compris le message des Chypriotes turcs\u00a0\u00bb, a r\u00e9agi \u00d6zg\u00fcr \u00d6zel, chef de file du principal parti de l\u2019opposition turque.<\/p>\n<p>                                       Lire aussi |  Article r\u00e9serv\u00e9 \u00e0 nos abonn\u00e9s  <a href=\"https:\/\/www.lemonde.fr\/international\/article\/2024\/07\/14\/a-chypre-cinquante-ans-de-solitude-et-aucun-espoir-de-reunification_6249719_3210.html\" class=\"js-article-read-also catcher--favoris__link\" data-premium=\"1\" id=\"article-title-3380833\" rel=\"nofollow noopener\" target=\"_blank\">A Chypre, cinquante ans de solitude et aucun espoir de r\u00e9unification<\/a>    <\/p>\n<p>   Lire plus tard  <\/p>\n<p class=\"article__paragraph  \">Le minist\u00e8re turc des affaires \u00e9trang\u00e8res a, de son c\u00f4t\u00e9, souhait\u00e9 que cette \u00e9lection soit \u00ab\u00a0b\u00e9n\u00e9fique pour le peuple chypriote turc et \u00e0 l\u2019\u00eele tout enti\u00e8re\u00a0\u00bb. Il promet, dans un communiqu\u00e9, que la Turquie \u00ab\u00a0continuera de contribuer aux efforts pour la paix\u00a0\u00bb.<\/p>\n<p class=\"article__paragraph  \">M.\u00a0Erh\u00fcrman s\u2019est impliqu\u00e9 dans les n\u00e9gociations en vue de r\u00e9soudre le diff\u00e9rend chypriote sous la pr\u00e9sidence de Mehmet Ali Talat, entre 2008 et 2010. Il a \u00e9t\u00e9 Premier ministre de la RTCN de f\u00e9vrier\u00a02018 \u00e0 mai\u00a02019. La RTCN occupe moins d\u2019un tiers de l\u2019\u00eele m\u00e9diterran\u00e9enne.<\/p>\n<p class=\"article__paragraph  \">Elle a proclam\u00e9 son ind\u00e9pendance le 15\u00a0novembre\u00a01983, neuf ans apr\u00e8s l\u2019intervention militaire turque de 1974, en r\u00e9action \u00e0 la tentative de rattachement de Chypre \u00e0 la Gr\u00e8ce par un groupe d\u2019officiers putschistes.<\/p>\n<p class=\"author__detail\">  Le Monde avec AFP  <\/p>\n<p>                <a href=\"https:\/\/www.lemonde.fr\/syndication\/\" class=\"reuse__content\" title=\"R\u00e9utiliser ce contenu\" target=\"_blank\" rel=\"nofollow noopener\">R\u00e9utiliser ce contenu<\/a>      <\/p>\n","protected":false},"excerpt":{"rendered":"Tufan Erhurman, pr\u00e9sident du Parti turc r\u00e9publicain, et son \u00e9pouse Nilden Bektas dans un bureau de vote de&hellip;\n","protected":false},"author":2,"featured_media":475570,"comment_status":"","ping_status":"","sticky":false,"template":"","format":"standard","meta":{"footnotes":""},"categories":[1888],"tags":[1111,1928,11,1927,1777,674,1011,27,12,1926,626,1925,25],"class_list":{"0":"post-475569","1":"post","2":"type-post","3":"status-publish","4":"format-standard","5":"has-post-thumbnail","7":"category-paris","8":"tag-actu","9":"tag-actu-paris","10":"tag-actualites","11":"tag-actualites-paris","12":"tag-eu","13":"tag-europe","14":"tag-fr","15":"tag-france","16":"tag-news","17":"tag-news-paris","18":"tag-paris","19":"tag-paris-news","20":"tag-republique-francaise"},"share_on_mastodon":{"url":"","error":""},"_links":{"self":[{"href":"https:\/\/www.europesays.com\/fr\/wp-json\/wp\/v2\/posts\/475569","targetHints":{"allow":["GET"]}}],"collection":[{"href":"https:\/\/www.europesays.com\/fr\/wp-json\/wp\/v2\/posts"}],"about":[{"href":"https:\/\/www.europesays.com\/fr\/wp-json\/wp\/v2\/types\/post"}],"author":[{"embeddable":true,"href":"https:\/\/www.europesays.com\/fr\/wp-json\/wp\/v2\/users\/2"}],"replies":[{"embeddable":true,"href":"https:\/\/www.europesays.com\/fr\/wp-json\/wp\/v2\/comments?post=475569"}],"version-history":[{"count":0,"href":"https:\/\/www.europesays.com\/fr\/wp-json\/wp\/v2\/posts\/475569\/revisions"}],"wp:featuredmedia":[{"embeddable":true,"href":"https:\/\/www.europesays.com\/fr\/wp-json\/wp\/v2\/media\/475570"}],"wp:attachment":[{"href":"https:\/\/www.europesays.com\/fr\/wp-json\/wp\/v2\/media?parent=475569"}],"wp:term":[{"taxonomy":"category","embeddable":true,"href":"https:\/\/www.europesays.com\/fr\/wp-json\/wp\/v2\/categories?post=475569"},{"taxonomy":"post_tag","embeddable":true,"href":"https:\/\/www.europesays.com\/fr\/wp-json\/wp\/v2\/tags?post=475569"}],"curies":[{"name":"wp","href":"https:\/\/api.w.org\/{rel}","templated":true}]}}