{"id":47558,"date":"2025-04-23T21:28:13","date_gmt":"2025-04-23T21:28:13","guid":{"rendered":"https:\/\/www.europesays.com\/fr\/47558\/"},"modified":"2025-04-23T21:28:13","modified_gmt":"2025-04-23T21:28:13","slug":"trump-assure-quun-accord-est-tres-proche-mais-attaque-zelensky","status":"publish","type":"post","link":"https:\/\/www.europesays.com\/fr\/47558\/","title":{"rendered":"Trump assure qu&rsquo;un accord est \u00ab\u00a0tr\u00e8s proche\u00a0\u00bb mais attaque Zelensky"},"content":{"rendered":"<p class=\"article-p mdl\">Donald Trump a assur\u00e9, mercredi 23 avril, qu&rsquo;un accord de cessez-le-feu en Ukraine \u00e9tait \u00ab\u00a0tr\u00e8s proche\u00a0\u00bb. Il a toutefois accus\u00e9 le pr\u00e9sident ukrainien Volodymyr Zelensky de compliquer les pourparlers avec ses \u00ab\u00a0propos incendiaires\u00a0\u00bb sur la Crim\u00e9e.\u00a0<\/p>\n<p class=\"article-p mdl\">Cette nouvelle d\u00e9claration intervient au moment des discussions entre responsables am\u00e9ricains, ukrainiens et europ\u00e9ens \u00e0 Londres.\u00a0<a class=\"link\" href=\"https:\/\/www.rtl.fr\/actu\/international\/guerre-en-ukraine-donald-trump-va-t-il-laisser-tomber-les-negociations-entre-poutine-et-zelensky-7900496198\" target=\"_blank\" rel=\"nofollow noopener\">Donald Trump<\/a>\u00a0a reproch\u00e9 au pr\u00e9sident ukrainien d&rsquo;avoir r\u00e9p\u00e9t\u00e9 que<strong> l&rsquo;Ukraine ne reconna\u00eetrait pas la souverainet\u00e9 de la Russie sur la p\u00e9ninsule de Crim\u00e9e,<\/strong> annex\u00e9e par Moscou en 2014.<\/p>\n<p class=\"article-p mdl\">\u00ab\u00a0Il peut avoir la paix ou il peut se battre encore trois ans avant de perdre tout le pays\u00a0\u00bb, a d\u00e9clar\u00e9 Donald Trump. \u00ab\u00a0Nous sommes tr\u00e8s proches d&rsquo;un accord, mais <strong>cet homme qui n&rsquo;a pas les cartes en main doit maintenant conclure\u00a0\u00bb<\/strong>, a-t-il ajout\u00e9. Mercredi, le vice-pr\u00e9sident am\u00e9ricain\u00a0<a class=\"link\" href=\"https:\/\/www.rtl.fr\/actu\/international\/j-d-vance-pourquoi-le-vice-president-americain-se-rend-a-rome-et-au-vatican-7900495795\" target=\"_blank\" rel=\"nofollow noopener\">J.D. Vance<\/a>\u00a0a somm\u00e9 Moscou et Kiev de parvenir \u00e0 un accord, sans quoi les \u00c9tats-Unis \u00ab\u00a0se retireront\u00a0\u00bb du processus.<\/p>\n<p class=\"article-p mdl\">Le vice-pr\u00e9sident am\u00e9ricain a sugg\u00e9r\u00e9 d<strong>e \u00ab\u00a0geler les lignes territoriales \u00e0 un niveau proche de ce qu&rsquo;elles sont aujourd&rsquo;hui\u00a0\u00bb. <\/strong>\u00ab\u00a0Cela signifie que les Ukrainiens et les Russes doivent tous deux abandonner une partie du territoire qu&rsquo;ils poss\u00e8dent actuellement\u00a0\u00bb, a-t-il ajout\u00e9. \u00ab\u00a0Il va falloir proc\u00e9der \u00e0 des \u00e9changes territoriaux\u00a0\u00bb.<\/p>\n<p class=\"article-p mdl\">Le porte-parole du Kremlin Dmitri Peskov a estim\u00e9 qu&rsquo;il ne s&rsquo;agissait cependant pas d&rsquo;un ultimatum. \u00ab\u00a0Les \u00c9tats-Unis poursuivent leurs efforts de m\u00e9diation, et nous nous (en) f\u00e9licitons\u00a0\u00bb, a-t-il d\u00e9clar\u00e9. De son c\u00f4t\u00e9,<strong>\u00a0<\/strong><a class=\"link\" href=\"https:\/\/www.rtl.fr\/actu\/international\/guerre-en-ukraine-volodymyr-zelensky-accuse-la-russie-d-avoir-viole-la-treve-2-000-fois-7900496361\" target=\"_blank\" rel=\"nofollow noopener\">Volodymyr Zelensky<\/a><strong>\u00a0a insist\u00e9 sur la n\u00e9cessit\u00e9 d&rsquo;avoir un cessez-le-feu \u00ab\u00a0imm\u00e9diat, complet et inconditionnel\u00a0\u00bb<\/strong> en Ukraine en amont de n\u00e9gociations de paix.<\/p>\n<p>            Le Kremlin met en garde contre toute pr\u00e9cipitation<\/p>\n<p class=\"article-p mdl\">Londres a redit qu&rsquo;il appartenait \u00ab\u00a0\u00e0 l&rsquo;Ukraine de d\u00e9cider de son avenir\u00a0\u00bb, quand la pr\u00e9sidence\u00a0fran\u00e7aise a affirm\u00e9 que l'\u00a0\u00bbint\u00e9grit\u00e9 territoriale\u00a0\u00bb de l&rsquo;Ukraine \u00e9tait une \u00ab\u00a0exigence tr\u00e8s forte\u00a0\u00bb des Europ\u00e9ens.<strong> Kiev et ses alli\u00e9s europ\u00e9ens r\u00e9clament un retour complet de l&rsquo;Ukraine dans ses fronti\u00e8res d&rsquo;avant 2014.<\/strong><\/p>\n<p class=\"article-p mdl\">Les discussions qui se sont tenues \u00e0 Londres mercredi 23 avril \u00e9taient <strong>\u00e0 un niveau inf\u00e9rieur \u00e0 celui initialement pr\u00e9vu. <\/strong>Elles devaient s&rsquo;inscrire dans la foul\u00e9e de celles qui ont eu lieu \u00e0 Paris la semaine derni\u00e8re, mais le Foreign Office a annonc\u00e9 mercredi matin un \u00ab\u00a0report\u00a0\u00bb des pourparlers au niveau des ministres des Affaires \u00e9trang\u00e8res.<\/p>\n<p class=\"article-p mdl\">Mardi 22 avril,<strong> le Kremlin a mis en garde contre toute pr\u00e9cipitation<\/strong> dans les discussions visant \u00e0 obtenir un cessez-le-feu, plus de trois ans apr\u00e8s l&rsquo;invasion russe. Donald Trump avait dit, dimanche 20 avril, esp\u00e9rer un accord \u00ab\u00a0dans la semaine\u00a0\u00bb entre Moscou et Kiev.<\/p>\n<p class=\"article-p mdl\">Entre temps, l&rsquo;\u00e9missaire am\u00e9ricain Steve Witkoff pr\u00e9voit un voyage \u00e0 Moscou selon la Maison-Blanche et le Kremlin, sans que la date soit pr\u00e9cis\u00e9e. Selon le Financial Times,\u00a0<a class=\"link\" href=\"https:\/\/www.rtl.fr\/actu\/international\/guerre-en-ukraine-la-treve-annoncee-par-poutine-est-une-premiere-marche-vers-la-paix-estime-guillaume-ancel-sur-rtl-7900496245\" target=\"_blank\" rel=\"nofollow noopener\">Vladimir Poutine<\/a>\u00a0lui a propos\u00e9 d\u00e9but avril d&rsquo;arr\u00eater son invasion et de geler la ligne de front. En \u00e9change, il souhaite que les \u00c9tats-Unis acc\u00e8dent \u00e0 ses revendications, comme<strong> la reconnaissance de la souverainet\u00e9 de la Russie sur la p\u00e9ninsule de Crim\u00e9e, annex\u00e9e en 2014, et la non-adh\u00e9sion de l&rsquo;Ukraine \u00e0 l&rsquo;Otan.<\/strong><\/p>\n<p>    La r\u00e9daction vous recommande<\/p>\n<p class=\"s-newsletter__title\">\n                L\u2019actualit\u00e9 par la r\u00e9daction de RTL dans votre bo\u00eete mail.\n            <\/p>\n<p class=\"s-newsletter__subtitle\">\n                Gr\u00e2ce \u00e0 votre compte RTL abonnez-vous \u00e0 la newsletter RTL info pour suivre toute l&rsquo;actualit\u00e9 au quotidien\n            <\/p>\n<p>\n                                    Lire la suite\n                                <\/p>\n","protected":false},"excerpt":{"rendered":"Donald Trump a assur\u00e9, mercredi 23 avril, qu&rsquo;un accord de cessez-le-feu en Ukraine \u00e9tait \u00ab\u00a0tr\u00e8s proche\u00a0\u00bb. Il a&hellip;\n","protected":false},"author":2,"featured_media":36500,"comment_status":"","ping_status":"","sticky":false,"template":"","format":"standard","meta":{"footnotes":""},"categories":[1590],"tags":[11,75,1777,674,107,131,12,220,135,134],"class_list":{"0":"post-47558","1":"post","2":"type-post","3":"status-publish","4":"format-standard","5":"has-post-thumbnail","7":"category-ukraine","8":"tag-actualites","9":"tag-donald-trump","10":"tag-eu","11":"tag-europe","12":"tag-fil-info","13":"tag-guerre-en-ukraine","14":"tag-news","15":"tag-ukraine","16":"tag-vladimir-poutine","17":"tag-volodymyr-zelensky"},"share_on_mastodon":{"url":"https:\/\/pubeurope.com\/@fr\/114389405822006531","error":""},"_links":{"self":[{"href":"https:\/\/www.europesays.com\/fr\/wp-json\/wp\/v2\/posts\/47558","targetHints":{"allow":["GET"]}}],"collection":[{"href":"https:\/\/www.europesays.com\/fr\/wp-json\/wp\/v2\/posts"}],"about":[{"href":"https:\/\/www.europesays.com\/fr\/wp-json\/wp\/v2\/types\/post"}],"author":[{"embeddable":true,"href":"https:\/\/www.europesays.com\/fr\/wp-json\/wp\/v2\/users\/2"}],"replies":[{"embeddable":true,"href":"https:\/\/www.europesays.com\/fr\/wp-json\/wp\/v2\/comments?post=47558"}],"version-history":[{"count":0,"href":"https:\/\/www.europesays.com\/fr\/wp-json\/wp\/v2\/posts\/47558\/revisions"}],"wp:featuredmedia":[{"embeddable":true,"href":"https:\/\/www.europesays.com\/fr\/wp-json\/wp\/v2\/media\/36500"}],"wp:attachment":[{"href":"https:\/\/www.europesays.com\/fr\/wp-json\/wp\/v2\/media?parent=47558"}],"wp:term":[{"taxonomy":"category","embeddable":true,"href":"https:\/\/www.europesays.com\/fr\/wp-json\/wp\/v2\/categories?post=47558"},{"taxonomy":"post_tag","embeddable":true,"href":"https:\/\/www.europesays.com\/fr\/wp-json\/wp\/v2\/tags?post=47558"}],"curies":[{"name":"wp","href":"https:\/\/api.w.org\/{rel}","templated":true}]}}