{"id":475589,"date":"2025-10-19T21:15:14","date_gmt":"2025-10-19T21:15:14","guid":{"rendered":"https:\/\/www.europesays.com\/fr\/475589\/"},"modified":"2025-10-19T21:15:14","modified_gmt":"2025-10-19T21:15:14","slug":"jai-eu-un-vrai-coup-de-coeur-premier-rapprochement-dans-lamour-est-dans-le-pre-deux-candidats-officialisent-leur-relation","status":"publish","type":"post","link":"https:\/\/www.europesays.com\/fr\/475589\/","title":{"rendered":"\u00ab\u00a0J\u2019ai eu un vrai coup de c\u0153ur\u00a0\u00bb\u00a0: premier rapprochement dans L\u2019Amour est dans le pr\u00e9, deux candidats officialisent leur relation"},"content":{"rendered":"<p>  \tUn moment suspendu dans la campagne luxembourgeoise\u00a0: entre regards \u00e9chang\u00e9s, balades en for\u00eat et confidences sinc\u00e8res, Christophe et Aline se d\u00e9couvrent, se rapprochent et d\u00e9cident de tenter une histoire \u00e0 deux.<\/p>\n<p>&#13;<br \/>\n&#13;<\/p>\n<p>\u00c0 Vaux-sur-S\u00fbre, Christophe, 37 ans, g\u00e8re une petite ferme de passion avec quelques animaux. C\u00e9libataire depuis trois ans et papa de deux filles, cet agriculteur dr\u00f4le, sensible et passionn\u00e9 par la r\u00e9novation de tracteurs participe \u00e0 la saison 17 de L\u2019Amour est dans le pr\u00e9 avec un d\u00e9sir simple\u00a0: rencontrer une compagne avec qui partager sa vie.<\/p>\n<p>  &#13;<br \/>\n  \u00c0 lire aussi&#13;<br \/>\n  &#13;<\/p>\n<p>  <img decoding=\"async\" data-copyright=\"L\u2019Amour est dans le pr\u00e9\" class=\"r-img\"  typeof=\"foaf:Image\" src=\"https:\/\/www.europesays.com\/fr\/wp-content\/uploads\/2025\/10\/51549939.jpeg\" alt=\"WD ADLP FERME 3 EXTRAIT 2.00_01_25_05.Still001.jpg\"\/><br \/>\n        <a class=\"r-stories--link\" href=\"https:\/\/www.rtl.be\/people\/rtl-inside\/lamour-est-dans-le-pre\/tant-pis-cest-que-ca-doit-etre-ainsi-laventure-de-florent-ne-commence-pas-comme\/2025-10-15\/article\/766995\" target=\"_blank\" rel=\"noopener\">\u00ab\u00a0Tant pis, c\u2019est que \u00e7a doit \u00eatre ainsi\u00a0\u00bb\u00a0: l\u2019aventure de Florent ne commence pas comme pr\u00e9vu dans L\u2019Amour est dans le pr\u00e9<\/a>&#13;<br \/>\n  &#13;<br \/>\n&#13;<\/p>\n<p>D\u00e8s l\u2019ouverture du courrier, Christophe a \u00e9t\u00e9 \u00e9mu par la lettre d\u2019Aline. Une lettre pleine de douceur et de sensibilit\u00e9, qu\u2019il partage avec sa s\u0153ur\u00a0: \u00ab\u00a0Ce qui m\u2019a plu chez toi, c\u2019est que sous cette carapace d\u2019homme fort et ind\u00e9pendant se cache un homme attentionn\u00e9, respectueux et un papa protecteur\u00a0\u00bb, \u00e9crit Aline. \u00ab\u00a0Derri\u00e8re ton humour d\u00e9cal\u00e9 se cache une grande sensibilit\u00e9 qui me donne envie de te serrer dans mes bras.\u00a0\u00bb<\/p>\n<p>&#13;<br \/>\n&#13;<\/p>\n<p>&#13;<br \/>\n&#13;<\/p>\n<p>Touch\u00e9 en plein c\u0153ur, Christophe avoue rapidement\u00a0: \u00ab\u00a0Franchement, je crois que j\u2019ai eu un vrai coup de c\u0153ur. Je la trouve tr\u00e8s jolie et j\u2019ai vraiment h\u00e2te de la revoir.\u00a0\u00bb<\/p>\n<p>Une immersion dans la vie de Christophe<\/p>\n<p>Originaire de la m\u00eame r\u00e9gion, Aline a accept\u00e9 de passer une journ\u00e9e aupr\u00e8s de Christophe, pour d\u00e9couvrir son quotidien \u00e0 la ferme. Loin des tensions, la complicit\u00e9 entre eux est imm\u00e9diate. Les sourires s\u2019encha\u00eenent, le feeling est \u00e9vident.<\/p>\n<p>Au fil de la journ\u00e9e, la complicit\u00e9 entre Christophe et Aline se renforce. Curieux de son ressenti, il lui glisse\u00a0: \u00ab\u00a0Pas d\u00e9\u00e7ue\u00a0?\u00a0\u00bb. \u00ab\u00a0Non, du tout\u00a0\u00bb, r\u00e9pond-elle. Christophe sourit, sinc\u00e8re\u00a0: \u00ab\u00a0\u00c7a me pla\u00eet vraiment.\u00a0\u00bb Et Aline le rassure aussit\u00f4t\u00a0: \u00ab\u00a0C\u2019est r\u00e9ciproque, je te rassure.\u00a0\u00bb Tous deux s\u2019amusent de cette dr\u00f4le de co\u00efncidence\u00a0: habiter si pr\u00e8s et ne s\u2019\u00eatre jamais crois\u00e9s auparavant. \u00ab\u00a0Je n\u2019en reviens pas qu\u2019il a fallu faire L\u2019Amour est dans le pr\u00e9 pour se rencontrer, alors que tu habites \u00e0 15 minutes\u00a0\u00bb, lance Christophe.<\/p>\n<p>&#13;<br \/>\n&#13;<\/p>\n<p>&#13;<br \/>\n&#13;<br \/>\nQuand l\u2019attirance devient une \u00e9vidence<\/p>\n<p>Au fil de la journ\u00e9e, Christophe n\u2019h\u00e9site pas \u00e0 partager son univers, ses terres, son rythme de vie. Et surtout ses intentions. \u00ab\u00a0Tu me plais beaucoup. Maintenant, il faut \u00eatre deux pour aimer.\u00a0\u00bb Aline ne laisse aucun doute sur sa r\u00e9ponse\u00a0: \u00ab\u00a0C\u2019est un tout, l\u2019endroit, la personne\u2026 Oui, j\u2019adore.\u00a0\u00bb<\/p>\n<p>  &#13;<br \/>\n  \u00c0 lire aussi&#13;<br \/>\n  &#13;<\/p>\n<p>  <img decoding=\"async\" data-copyright=\"Instagram \/ pauline.dellm\" class=\"r-img\"  typeof=\"foaf:Image\" src=\"https:\/\/www.europesays.com\/fr\/wp-content\/uploads\/2025\/10\/51507293.jpeg\" alt=\"ADLP.jpg\"\/><br \/>\n        <a class=\"r-stories--link\" href=\"https:\/\/www.rtl.be\/people\/rtl-inside\/lamour-est-dans-le-pre\/certains-lont-devine-dautres-pas-encore-pauline-et-luc-de-lamour-est-dans-le-pre\/2025-10-14\/article\/766893\" target=\"_blank\" rel=\"noopener\">\u00ab\u00a0Certains l\u2019ont devin\u00e9, d\u2019autres pas encore\u2026\u00a0\u00bb\u00a0: Pauline et Luc de L\u2019Amour est dans le pr\u00e9 annoncent une grande nouvelle<\/a>&#13;<br \/>\n  &#13;<br \/>\n&#13;<\/p>\n<p>La journ\u00e9e s\u2019ach\u00e8ve par une balade en for\u00eat, main dans la main, dans un d\u00e9cor paisible qui invite aux confidences. Sentant que le lien se renforce, Christophe se lance\u00a0: \u00ab\u00a0\u00c7a te dirait qu\u2019on essaye\u00a0?\u00a0\u00bb. Aline accepte.<\/p>\n<p>Christophe se livre un peu plus\u00a0: \u00ab\u00a0J\u2019ai rarement amen\u00e9 quelqu\u2019un ici\u2026 je pense, \u00e0 part Maria.\u00a0\u00bb Un moment fort, qu\u2019ils scellent par un premier baiser.<\/p>\n<p><strong>Leur histoire d\u00e9bute tout en douceur, sous les yeux des t\u00e9l\u00e9spectateurs de L\u2019Amour est dans le pr\u00e9, \u00e0 suivre chaque dimanche \u00e0 20h50 sur RTL tvi et en streaming sur <a href=\"https:\/\/www.rtlplay.be\/rtlplay\/lamour-est-dans-le-pre~4d95209c-9501-4b98-85a3-2d5bb7d47b67\" target=\"_blank\" rel=\"noopener\">RTL play<\/a>.<\/strong><\/p>\n<p>&#13;<br \/>\n&#13;<\/p>\n<p>&#13;<br \/>\n&#13;<\/p>\n<p><a class=\"r-btn r-btn--tag\" href=\"https:\/\/www.rtl.be\/331478\/free-tags\/lamour-est-dans-le-pre\" title=\"L&#039;Amour est dans le pr\u00e9\" target=\"_blank\" rel=\"noopener\">L&rsquo;Amour est dans le pr\u00e9<\/a><\/p>\n","protected":false},"excerpt":{"rendered":"Un moment suspendu dans la campagne luxembourgeoise\u00a0: entre regards \u00e9chang\u00e9s, balades en for\u00eat et confidences sinc\u00e8res, Christophe et&hellip;\n","protected":false},"author":2,"featured_media":475590,"comment_status":"","ping_status":"","sticky":false,"template":"","format":"standard","meta":{"footnotes":""},"categories":[1586],"tags":[11,1777,674,1779,1011,27,7988,12,25,1778,364],"class_list":{"0":"post-475589","1":"post","2":"type-post","3":"status-publish","4":"format-standard","5":"has-post-thumbnail","7":"category-europe","8":"tag-actualites","9":"tag-eu","10":"tag-europe","11":"tag-european-union","12":"tag-fr","13":"tag-france","14":"tag-lamour-est-dans-le-pru00e9","15":"tag-news","16":"tag-republique-francaise","17":"tag-ue","18":"tag-union-europeenne"},"share_on_mastodon":{"url":"https:\/\/pubeurope.com\/@fr\/115402908147188574","error":""},"_links":{"self":[{"href":"https:\/\/www.europesays.com\/fr\/wp-json\/wp\/v2\/posts\/475589","targetHints":{"allow":["GET"]}}],"collection":[{"href":"https:\/\/www.europesays.com\/fr\/wp-json\/wp\/v2\/posts"}],"about":[{"href":"https:\/\/www.europesays.com\/fr\/wp-json\/wp\/v2\/types\/post"}],"author":[{"embeddable":true,"href":"https:\/\/www.europesays.com\/fr\/wp-json\/wp\/v2\/users\/2"}],"replies":[{"embeddable":true,"href":"https:\/\/www.europesays.com\/fr\/wp-json\/wp\/v2\/comments?post=475589"}],"version-history":[{"count":0,"href":"https:\/\/www.europesays.com\/fr\/wp-json\/wp\/v2\/posts\/475589\/revisions"}],"wp:featuredmedia":[{"embeddable":true,"href":"https:\/\/www.europesays.com\/fr\/wp-json\/wp\/v2\/media\/475590"}],"wp:attachment":[{"href":"https:\/\/www.europesays.com\/fr\/wp-json\/wp\/v2\/media?parent=475589"}],"wp:term":[{"taxonomy":"category","embeddable":true,"href":"https:\/\/www.europesays.com\/fr\/wp-json\/wp\/v2\/categories?post=475589"},{"taxonomy":"post_tag","embeddable":true,"href":"https:\/\/www.europesays.com\/fr\/wp-json\/wp\/v2\/tags?post=475589"}],"curies":[{"name":"wp","href":"https:\/\/api.w.org\/{rel}","templated":true}]}}