{"id":475597,"date":"2025-10-19T21:20:11","date_gmt":"2025-10-19T21:20:11","guid":{"rendered":"https:\/\/www.europesays.com\/fr\/475597\/"},"modified":"2025-10-19T21:20:11","modified_gmt":"2025-10-19T21:20:11","slug":"une-entente-entre-les-clubs-de-plabennec-landerneau-et-plougonvelin-pour-dynamiser-le-volley-chez-les-filles","status":"publish","type":"post","link":"https:\/\/www.europesays.com\/fr\/475597\/","title":{"rendered":"Une entente entre les clubs de Plabennec, Landerneau et Plougonvelin pour dynamiser le volley chez les filles"},"content":{"rendered":"<p>Samedi 18 octobre 2025, une cinquantaine de filles de 12 \u00e0 16 ans des clubs de Landerneau, Plabennec et Plougonvelin se sont rencontr\u00e9es dans le cadre d\u2019un tournoi de volley dans la salle Abb\u00e9-Le Guen, \u00e0 Plabennec. Le Stade plabennecois volley-ball s\u2019est en effet associ\u00e9 avec les deux autres clubs pour organiser cette premi\u00e8re rencontre de la saison et en programmer une \u00e0 chaque p\u00e9riode de vacances scolaires. \u00ab\u00a0Il n\u2019y a pas de championnat pour les filles en FSGT. Ce tournoi leur permet de se rencontrer, de jouer ensemble et de progresser\u00a0\u00bb, pr\u00e9cise Marine Blondel, pr\u00e9sidente du club plabennecois.<\/p>\n","protected":false},"excerpt":{"rendered":"Samedi 18 octobre 2025, une cinquantaine de filles de 12 \u00e0 16 ans des clubs de Landerneau, Plabennec&hellip;\n","protected":false},"author":2,"featured_media":475598,"comment_status":"","ping_status":"","sticky":false,"template":"","format":"standard","meta":{"footnotes":""},"categories":[1417],"tags":[1011,27,9815,22312,46072,60,1470,1469],"class_list":{"0":"post-475597","1":"post","2":"type-post","3":"status-publish","4":"format-standard","5":"has-post-thumbnail","7":"category-volley","8":"tag-fr","9":"tag-france","10":"tag-landerneau","11":"tag-plabennec","12":"tag-plougonvelin","13":"tag-sports","14":"tag-volley","15":"tag-volleyball"},"share_on_mastodon":{"url":"https:\/\/pubeurope.com\/@fr\/115402927300027894","error":""},"_links":{"self":[{"href":"https:\/\/www.europesays.com\/fr\/wp-json\/wp\/v2\/posts\/475597","targetHints":{"allow":["GET"]}}],"collection":[{"href":"https:\/\/www.europesays.com\/fr\/wp-json\/wp\/v2\/posts"}],"about":[{"href":"https:\/\/www.europesays.com\/fr\/wp-json\/wp\/v2\/types\/post"}],"author":[{"embeddable":true,"href":"https:\/\/www.europesays.com\/fr\/wp-json\/wp\/v2\/users\/2"}],"replies":[{"embeddable":true,"href":"https:\/\/www.europesays.com\/fr\/wp-json\/wp\/v2\/comments?post=475597"}],"version-history":[{"count":0,"href":"https:\/\/www.europesays.com\/fr\/wp-json\/wp\/v2\/posts\/475597\/revisions"}],"wp:featuredmedia":[{"embeddable":true,"href":"https:\/\/www.europesays.com\/fr\/wp-json\/wp\/v2\/media\/475598"}],"wp:attachment":[{"href":"https:\/\/www.europesays.com\/fr\/wp-json\/wp\/v2\/media?parent=475597"}],"wp:term":[{"taxonomy":"category","embeddable":true,"href":"https:\/\/www.europesays.com\/fr\/wp-json\/wp\/v2\/categories?post=475597"},{"taxonomy":"post_tag","embeddable":true,"href":"https:\/\/www.europesays.com\/fr\/wp-json\/wp\/v2\/tags?post=475597"}],"curies":[{"name":"wp","href":"https:\/\/api.w.org\/{rel}","templated":true}]}}