{"id":475611,"date":"2025-10-19T21:29:11","date_gmt":"2025-10-19T21:29:11","guid":{"rendered":"https:\/\/www.europesays.com\/fr\/475611\/"},"modified":"2025-10-19T21:29:11","modified_gmt":"2025-10-19T21:29:11","slug":"voici-la-liste-des-huit-bijoux-derobes-dans-la-galerie-dapollon","status":"publish","type":"post","link":"https:\/\/www.europesays.com\/fr\/475611\/","title":{"rendered":"voici la liste des huit bijoux d\u00e9rob\u00e9s dans la galerie d\u2019Apollon"},"content":{"rendered":"\n<p> La lecture de ce contenu est susceptible d\u2019entra\u00eener un d\u00e9p\u00f4t de cookies de la part de l\u2019op\u00e9rateur tiers qui l\u2019h\u00e9berge. Compte-tenu des choix que vous avez exprim\u00e9s en mati\u00e8re de d\u00e9p\u00f4t de cookies, nous avons bloqu\u00e9 l\u2019affichage de ce contenu. Si vous souhaitez y acc\u00e9der, vous devez accepter la cat\u00e9gorie de cookies \u201cContenus tiers\u201d en cliquant sur le bouton ci-dessous. <\/p>\n<p> Lire la Vid\u00e9o              <\/p>\n<p class=\"asset asset-text\">FAIT DIVERS &#8211; Ils sont au nombre de huit. Le minist\u00e8re de la Culture a confirm\u00e9, ce dimanche 19\u00a0octobre en fin de journ\u00e9e, la liste des bijoux <a href=\"https:\/\/www.huffingtonpost.fr\/faits-divers\/article\/un-braquage-a-l-ouverture-du-louvre-ce-dimanche-matin-le-musee-ferme-aujourd-hui_256153.html\" target=\"_blank\" rel=\"noopener\">d\u00e9rob\u00e9s dans la matin\u00e9e<\/a> au <a href=\"https:\/\/www.huffingtonpost.fr\/faits-divers\/video\/quels-sont-les-bijoux-exposes-a-la-galerie-d-apollon-au-louvre-braquee-ce-dimanche_256157.html\" target=\"_blank\" rel=\"noopener\">mus\u00e9e du Louvre<\/a>. Expos\u00e9s dans \u00ab\u00a0deux vitrines de haute s\u00e9curit\u00e9\u00a0\u00bb, tous remontent au XIXe\u00a0si\u00e8cle.<\/p>\n<p class=\"asset asset-text\">Entre 9h30\u00a0et 9h40, quatre malfaiteurs se sont introduits, \u00e0 l\u2019aide d\u2019une nacelle, dans la galerie d\u2019Apollon, qui abrite notamment les joyaux de la Couronne de France, en fracturant une fen\u00eatre.<\/p>\n<p class=\"asset asset-text\">Le montant du butin est en cours d\u2019estimation, mais les bijoux d\u00e9rob\u00e9s sont d\u2019une \u00ab\u00a0valeur inestimable\u00a0\u00bb, a soulign\u00e9 le ministre de l\u2019Int\u00e9rieur Laurent Nu\u00f1ez.<\/p>\n<p class=\"asset asset-text\"><strong>Voici la liste des \u0153uvres subtilis\u00e9s dans le casse, selon <a href=\"https:\/\/www.leparisien.fr\/faits-divers\/cambriolage-au-louvre-voici-le-detail-des-huit-bijoux-voles-19-10-2025-EPQS7O2NXFG5VHTLXD2AHEXXAU.php\" target=\"_blank\" rel=\"noopener\" title=\"Nouvelle fen\u00eatre\">Le Parisien<\/a> et <a href=\"https:\/\/www.lefigaro.fr\/culture\/patrimoine\/en-direct-braquage-au-louvre-des-suspects-en-fuite-apres-le-vol-de-bijoux-d-une-valeur-inestimable-20251019?utm_source=edito&amp;utm_medium=push-web&amp;utm_campaign=en-direct---braquage-au-louvre-diademes-colliers-et-boucles-doreilles-la-liste-des-bijoux-inestimables-derobes#19-10-2025-18-26-45\" target=\"_blank\" rel=\"noopener\" title=\"Nouvelle fen\u00eatre\">Le Figaro<\/a>\u00a0:<\/strong><\/p>\n<ul class=\"asset asset-bulletedList\">\n<li>Le diad\u00e8me de la parure de la reine Marie-Am\u00e9lie et de la Reine Hortense\u00a0;<\/li>\n<li>Le collier de la parure de saphirs de la reine Marie-Am\u00e9lie et de la Reine Hortense, compos\u00e9 de huit saphirs et de 631 diamants\u00a0;<\/li>\n<li>La boucle d\u2019oreille de la parure de saphirs de la reine Marie-Am\u00e9lie et de la Reine Hortense\u00a0;<\/li>\n<li>Le collier en \u00e9meraudes de la parure de Marie-Louise, qui se compose de 32 \u00e9meraudes et de 1\u00a0138 diamants\u00a0;<\/li>\n<li>Une paire de boucles d\u2019oreilles en \u00e9meraudes de la parure de Marie-Louise\u00a0;<\/li>\n<li>Une broche dite \u00ab\u00a0broche reliquaire\u00a0\u00bb\u00a0;<\/li>\n<li>Un diad\u00e8me de l\u2019Imp\u00e9ratrice Eug\u00e9nie (pr\u00e8s de 2\u00a0000\u00a0diamants)\u00a0;<\/li>\n<li>Un grand n\u0153ud de corsage de l\u2019imp\u00e9ratrice Eug\u00e9nie (broche)<\/li>\n<\/ul>\n<p class=\"asset asset-text\">Un neuvi\u00e8me objet, la couronne de l\u2019imp\u00e9ratrice Eug\u00e9nie, a \u00e9t\u00e9 abandonn\u00e9 dans leur fuite par les malfaiteurs et son \u00e9tat est \u00ab\u00a0en cours d\u2019examen\u00a0\u00bb, a d\u00e9taill\u00e9 le minist\u00e8re, qui pr\u00e9cise que \u00ab\u00a0deux vitrines de haute s\u00e9curit\u00e9\u00a0\u00bb ont \u00e9t\u00e9 prises pour cibles lors du cambriolage.<\/p>\n<p> La lecture de ce contenu est susceptible d\u2019entra\u00eener un d\u00e9p\u00f4t de cookies de la part de l\u2019op\u00e9rateur tiers qui l\u2019h\u00e9berge. Compte-tenu des choix que vous avez exprim\u00e9s en mati\u00e8re de d\u00e9p\u00f4t de cookies, nous avons bloqu\u00e9 l\u2019affichage de ce contenu. Si vous souhaitez y acc\u00e9der, vous devez accepter la cat\u00e9gorie de cookies \u201cContenus tiers\u201d en cliquant sur le bouton ci-dessous. <\/p>\n<p> Lire la Vid\u00e9o        Alarmes    <\/p>\n<p class=\"asset asset-text\">Selon le minist\u00e8re, les alarmes, situ\u00e9es sur la fen\u00eatre ext\u00e9rieure de la galerie d\u2019Apollon ainsi que sur les deux vitrines haute s\u00e9curit\u00e9, se sont d\u00e9clench\u00e9es au moment de l\u2019effraction, qualifi\u00e9e de \u00ab\u00a0particuli\u00e8rement rapide et brutale\u00a0\u00bb.<\/p>\n<p class=\"asset asset-text\">Cinq agents du mus\u00e9e \u00e9taient alors pr\u00e9sents dans la galerie et dans les espaces adjacents et sont \u00ab\u00a0imm\u00e9diatement intervenus\u00a0\u00bb pour pr\u00e9venir les forces de l\u2019ordre et assurer l\u2019\u00e9vacuation du public, assure le minist\u00e8re, qui a salu\u00e9 leur \u00ab\u00a0professionnalisme\u00a0\u00bb.<\/p>\n<p class=\"asset asset-text\">Gr\u00e2ce \u00e0 leur intervention, \u00ab\u00a0les malfaiteurs ont \u00e9t\u00e9 mis en fuite laissant derri\u00e8re eux leurs \u00e9quipements\u00a0\u00bb, assure le minist\u00e8re.<\/p>\n","protected":false},"excerpt":{"rendered":"La lecture de ce contenu est susceptible d\u2019entra\u00eener un d\u00e9p\u00f4t de cookies de la part de l\u2019op\u00e9rateur tiers&hellip;\n","protected":false},"author":2,"featured_media":475612,"comment_status":"","ping_status":"","sticky":false,"template":"","format":"standard","meta":{"footnotes":""},"categories":[1358],"tags":[1348,1384,1385,1174,1386,58,59,118,1011,27,11274],"class_list":{"0":"post-475611","1":"post","2":"type-post","3":"status-publish","4":"format-standard","5":"has-post-thumbnail","7":"category-arts-et-design","8":"tag-arts","9":"tag-arts-and-design","10":"tag-arts-et-design","11":"tag-cambriolage","12":"tag-design","13":"tag-divertissement","14":"tag-entertainment","15":"tag-faits-divers","16":"tag-fr","17":"tag-france","18":"tag-louvre"},"share_on_mastodon":{"url":"https:\/\/pubeurope.com\/@fr\/115402962924992721","error":""},"_links":{"self":[{"href":"https:\/\/www.europesays.com\/fr\/wp-json\/wp\/v2\/posts\/475611","targetHints":{"allow":["GET"]}}],"collection":[{"href":"https:\/\/www.europesays.com\/fr\/wp-json\/wp\/v2\/posts"}],"about":[{"href":"https:\/\/www.europesays.com\/fr\/wp-json\/wp\/v2\/types\/post"}],"author":[{"embeddable":true,"href":"https:\/\/www.europesays.com\/fr\/wp-json\/wp\/v2\/users\/2"}],"replies":[{"embeddable":true,"href":"https:\/\/www.europesays.com\/fr\/wp-json\/wp\/v2\/comments?post=475611"}],"version-history":[{"count":0,"href":"https:\/\/www.europesays.com\/fr\/wp-json\/wp\/v2\/posts\/475611\/revisions"}],"wp:featuredmedia":[{"embeddable":true,"href":"https:\/\/www.europesays.com\/fr\/wp-json\/wp\/v2\/media\/475612"}],"wp:attachment":[{"href":"https:\/\/www.europesays.com\/fr\/wp-json\/wp\/v2\/media?parent=475611"}],"wp:term":[{"taxonomy":"category","embeddable":true,"href":"https:\/\/www.europesays.com\/fr\/wp-json\/wp\/v2\/categories?post=475611"},{"taxonomy":"post_tag","embeddable":true,"href":"https:\/\/www.europesays.com\/fr\/wp-json\/wp\/v2\/tags?post=475611"}],"curies":[{"name":"wp","href":"https:\/\/api.w.org\/{rel}","templated":true}]}}