{"id":475619,"date":"2025-10-19T21:33:26","date_gmt":"2025-10-19T21:33:26","guid":{"rendered":"https:\/\/www.europesays.com\/fr\/475619\/"},"modified":"2025-10-19T21:33:26","modified_gmt":"2025-10-19T21:33:26","slug":"il-faut-avoir-le-coeur-bien-accroche-pour-aller-au-bout-de-ce-film-a-voir-sur-netflix","status":"publish","type":"post","link":"https:\/\/www.europesays.com\/fr\/475619\/","title":{"rendered":"Il faut avoir le c\u0153ur bien accroch\u00e9 pour aller au bout de ce film \u00e0 voir sur Netflix"},"content":{"rendered":"<p>R\u00e9ussirez-vous \u00e0 surpasser votre peur des araign\u00e9es en regardant ce film des plus angoissants ? Le seul moyen de le savoir est de le visionner sur Netflix avant qu&rsquo;il ne disparaisse totalement du catalogue, quelques mois seulement apr\u00e8s son arriv\u00e9e fracassante. <\/p>\n<p>Halloween approche \u00e0 grands pas. Pour se mettre dans l&rsquo;ambiance en attendant le 31 octobre, <a href=\"https:\/\/www.programme-tv.net\/news\/cinema\/300730-netflix-notre-top-10-des-meilleurs-films-dhorreur\/\" data-api-deeplink=\"teleloisirs:\/\/news\/300730\" target=\"_blank\" rel=\"noopener\">il n&rsquo;y a rien de mieux qu&rsquo;un bon film d&rsquo;horreur<\/a>. Abigail, Chucky, Destination Finale et La Nonne font partie des longs-m\u00e9trages qui pourraient plaire aux amoureux de grands frissons, tout comme Vermines. Impossible de rester insensible devant ce film qui quittera le catalogue de <a href=\"https:\/\/www.programme-tv.net\/guide-netflix\/\" target=\"_blank\" rel=\"noopener\">Netflix <\/a>le 26 octobre prochain. Pour rappel, <a href=\"https:\/\/www.programme-tv.net\/news\/cinema\/374482-netflix-oserez-vous-regarder-ce-film-francais-angoissant-recommande-a-95\/\" data-api-deeplink=\"teleloisirs:\/\/news\/374482\" target=\"_blank\" rel=\"noopener\">Vermines <\/a>suit Kaleb (Th\u00e9o Christine), un jeune banlieusard qui traverse une p\u00e9riode de solitude. Un jour, il se rend dans une sup\u00e9rette qui appartient \u00e0 un homme poss\u00e9dant plusieurs insectes. Passionn\u00e9 d&rsquo;animaux exotiques, Kaleb fait l&rsquo;acquisition d&rsquo;une araign\u00e9e venimeuse, qu&rsquo;il ram\u00e8ne \u00e0 son domicile. Mais celle-ci s&rsquo;\u00e9chappe et se reproduit rapidement, mena\u00e7ant la vie des habitants de son immeuble, pris au pi\u00e8ge et livr\u00e9s \u00e0 eux-m\u00eames.<\/p>\n<p>                        <b>Vermines <\/b><b>: un film d&rsquo;horreur <\/b><b>\u00ab\u00a0effrayant et d\u00e9go\u00fbtant\u00a0\u00bb<\/b><b> valid\u00e9 par Stephen King<\/b><\/p>\n<p>Pr\u00e8s de deux ans apr\u00e8s sa sortie au cin\u00e9ma, Vermines a fait ses d\u00e9buts sur Netflix et n&rsquo;a pas tard\u00e9 \u00e0 rencontrer le succ\u00e8s aupr\u00e8s des abonn\u00e9s. Ces derniers n&rsquo;\u00e9taient d&rsquo;ailleurs pas les seuls \u00e0 avoir appr\u00e9ci\u00e9 le film d&rsquo;horreur.<b> <\/b>Comme vous le savez s\u00fbrement, <a href=\"https:\/\/www.programme-tv.net\/biographie\/12595-king-stephen\/\" data-link-people=\"f884c289-cc3e-4464-8d8e-abf3f71678df\" target=\"_blank\" rel=\"noopener\">Stephen King<\/a> se sert souvent de son compte X pour donner son avis sur les s\u00e9ries, mais aussi sur les films qu&rsquo;il a appr\u00e9ci\u00e9s. Et <a href=\"https:\/\/www.programme-tv.net\/news\/cinema\/374691-effrayant-et-degoutant-stephen-king-valide-ce-film-d-horreur-francais-qui-cartonne-sur-netflix\/\" data-api-deeplink=\"teleloisirs:\/\/news\/374691\" target=\"_blank\" rel=\"noopener\">c&rsquo;\u00e9tait le cas de la r\u00e9alisation sign\u00e9e S\u00e9bastien Vani\u010dek qu&rsquo;il a couvert d&rsquo;\u00e9loges<\/a>. \u00ab\u00a0Des araign\u00e9es, certaines aussi grosses que des chiots, envahissent un immeuble fran\u00e7ais. Effrayant, d\u00e9go\u00fbtant, bien r\u00e9alis\u00e9\u00a0\u00bb, avait-il \u00e9crit sur le r\u00e9seau social. Ce \u00e0 quoi le cin\u00e9aste fran\u00e7ais avait r\u00e9pondu : \u00ab\u00a0Tellement touchant d&rsquo;\u00eatre reconnu par le ma\u00eetre de l&rsquo;horreur\u00a0\u00bb.<\/p>\n<p>            <b>Vermines <\/b><b>: de vraies araign\u00e9es ont \u00e9t\u00e9 utilis\u00e9es pour le tournage du film qui dispara\u00eetra bient\u00f4t de Netflix<\/b><\/p>\n<p>Comme l&rsquo;avait expliqu\u00e9 S\u00e9bastien Vani\u010dek aupr\u00e8s de nos confr\u00e8res d&rsquo;AlloCin\u00e9 lors de la promotion de Vermines, l&rsquo;\u00e9quipe a utilis\u00e9 de vraies araign\u00e9es sur le tournage qu&rsquo;ils ont ensuite grossies en post-production. \u00ab\u00a0Quand les araign\u00e9es ont une taille normale, ce sont des vraies. \u00c0 la fois par envie artistique et pour que les acteurs puissent vraiment se plonger dans leur r\u00f4le et pouvoir avoir des vraies r\u00e9actions\u00a0\u00bb.<\/p>\n<p>Article \u00e9crit en collaboration avec 6M\u00e9dias<\/p>\n","protected":false},"excerpt":{"rendered":"R\u00e9ussirez-vous \u00e0 surpasser votre peur des araign\u00e9es en regardant ce film des plus angoissants ? Le seul moyen&hellip;\n","protected":false},"author":2,"featured_media":475620,"comment_status":"","ping_status":"","sticky":false,"template":"","format":"standard","meta":{"footnotes":""},"categories":[1354],"tags":[244,58,59,1346,1011,27,1360,127,1722,129,59900],"class_list":{"0":"post-475619","1":"post","2":"type-post","3":"status-publish","4":"format-standard","5":"has-post-thumbnail","7":"category-films","8":"tag-commentaire","9":"tag-divertissement","10":"tag-entertainment","11":"tag-films","12":"tag-fr","13":"tag-france","14":"tag-movies","15":"tag-netflix","16":"tag-pub-streaming-netflix","17":"tag-svod","18":"tag-vermines"},"share_on_mastodon":{"url":"https:\/\/pubeurope.com\/@fr\/115402978303656897","error":""},"_links":{"self":[{"href":"https:\/\/www.europesays.com\/fr\/wp-json\/wp\/v2\/posts\/475619","targetHints":{"allow":["GET"]}}],"collection":[{"href":"https:\/\/www.europesays.com\/fr\/wp-json\/wp\/v2\/posts"}],"about":[{"href":"https:\/\/www.europesays.com\/fr\/wp-json\/wp\/v2\/types\/post"}],"author":[{"embeddable":true,"href":"https:\/\/www.europesays.com\/fr\/wp-json\/wp\/v2\/users\/2"}],"replies":[{"embeddable":true,"href":"https:\/\/www.europesays.com\/fr\/wp-json\/wp\/v2\/comments?post=475619"}],"version-history":[{"count":0,"href":"https:\/\/www.europesays.com\/fr\/wp-json\/wp\/v2\/posts\/475619\/revisions"}],"wp:featuredmedia":[{"embeddable":true,"href":"https:\/\/www.europesays.com\/fr\/wp-json\/wp\/v2\/media\/475620"}],"wp:attachment":[{"href":"https:\/\/www.europesays.com\/fr\/wp-json\/wp\/v2\/media?parent=475619"}],"wp:term":[{"taxonomy":"category","embeddable":true,"href":"https:\/\/www.europesays.com\/fr\/wp-json\/wp\/v2\/categories?post=475619"},{"taxonomy":"post_tag","embeddable":true,"href":"https:\/\/www.europesays.com\/fr\/wp-json\/wp\/v2\/tags?post=475619"}],"curies":[{"name":"wp","href":"https:\/\/api.w.org\/{rel}","templated":true}]}}