{"id":475630,"date":"2025-10-19T21:39:09","date_gmt":"2025-10-19T21:39:09","guid":{"rendered":"https:\/\/www.europesays.com\/fr\/475630\/"},"modified":"2025-10-19T21:39:09","modified_gmt":"2025-10-19T21:39:09","slug":"trump-menace-de-deployer-la-garde-nationale-a-san-francisco","status":"publish","type":"post","link":"https:\/\/www.europesays.com\/fr\/475630\/","title":{"rendered":"Trump menace de d\u00e9ployer la Garde nationale \u00e0 San Francisco"},"content":{"rendered":"<p>\n    Apr\u00e8s Los Angeles, Washington et Memphis, le pr\u00e9sident am\u00e9ricain a affirm\u00e9 dimanche, lors d\u2019un entretien t\u00e9l\u00e9vis\u00e9, que la ville californienne serait la prochaine sur la liste.<\/p>\n<p class=\"fig-paragraph\">Donald Trump a menac\u00e9 d&rsquo;envoyer des militaires de la Garde nationale \u00e0 San Francisco, comme il l&rsquo;a fait dans d&rsquo;autres grandes villes am\u00e9ricaines dirig\u00e9es par des d\u00e9mocrates, lors d&rsquo;une interview t\u00e9l\u00e9vis\u00e9e diffus\u00e9e dimanche. \u00abNous allons aller \u00e0 San Francisco\u00bb, a r\u00e9pondu le pr\u00e9sident am\u00e9ricain \u00e0 une journaliste de Fox News qui l&rsquo;interrogeait si cette ville californienne serait la prochaine sur sa liste.<\/p>\n<p class=\"fig-paragraph\">Depuis son retour au pouvoir, Donald Trump a envoy\u00e9 des militaires \u00e0 Los Angeles,\u00a0<a href=\"http:\/\/www.lefigaro.fr\/international\/etats-unis-des-etats-republicains-annoncent-le-deploiement-de-200-gardes-nationaux-a-washington-20250819\" data-fig-type=\"NewsFlash\" data-gtm-custom-categorie=\"navigation\" data-gtm-custom-action=\"crossclick\" data-gtm-custom-label=\"Contextuel\" data-gtm-event=\"customEventSPE\" data-fig-domain=\"LEFIGARO\" target=\"_blank\" rel=\"noopener\">Washington<\/a>\u00a0et\u00a0<a href=\"https:\/\/video.lefigaro.fr\/figaro\/international\/trump-annonce-deployer-la-garde-nationale-a-memphis-ville-profondement-en-difficulte-20250912\" target=\"_blank\" data-fig-type=\"Video\" rel=\"sponsored noopener\" data-gtm-custom-categorie=\"navigation\" data-gtm-custom-action=\"crossclick\" data-gtm-custom-label=\"Contextuel\" data-gtm-event=\"customEventSPE\" data-fig-domain=\"LEFIGARO\">Memphis<\/a>\u00a0contre l&rsquo;avis des autorit\u00e9s locales d\u00e9mocrates pour, selon lui, lutter contre l&rsquo;immigration ill\u00e9gale et la criminalit\u00e9, des actions vivement critiqu\u00e9es par l&rsquo;opposition. Ses d\u00e9ploiements \u00e0\u00a0<a href=\"http:\/\/www.lefigaro.fr\/international\/chicago-donald-trump-promet-de-regler-la-criminalite-dans-la-ville-la-plus-dangereuse-du-monde-20250902\" data-fig-type=\"NewsFlash\" data-gtm-custom-categorie=\"navigation\" data-gtm-custom-action=\"crossclick\" data-gtm-custom-label=\"Contextuel\" data-gtm-event=\"customEventSPE\" data-fig-domain=\"LEFIGARO\" target=\"_blank\" rel=\"noopener\">Chicago<\/a>\u00a0et Portland ont eux \u00e9t\u00e9\u00a0<a href=\"http:\/\/www.lefigaro.fr\/flash-actu\/trump-saisit-la-cour-supreme-pour-autoriser-le-deploiement-de-la-garde-nationale-a-chicago-20251018\" data-fig-type=\"NewsFlash\" data-gtm-custom-categorie=\"navigation\" data-gtm-custom-action=\"crossclick\" data-gtm-custom-label=\"Contextuel\" data-gtm-event=\"customEventSPE\" data-fig-domain=\"LEFIGARO\" target=\"_blank\" rel=\"noopener\">suspendus par des juges<\/a>, qui ont argu\u00e9 du manque d&rsquo;\u00e9l\u00e9ments cr\u00e9dibles justifiant une telle mesure.<\/p>\n<p>                                    <a class=\"fig-a11y-skip a11y-hidden\" href=\"#fig-a11y-skip-main-inarticle\"><br \/>\n        Passer la publicit\u00e9<br \/>\n    <\/a><\/p>\n<p>Les \u00e9lus oppos\u00e9s \u00e0 un d\u00e9ploiement de la Garde nationale<\/p>\n<p class=\"fig-paragraph\">\u00abLa diff\u00e9rence (avec Chicago) c&rsquo;est qu&rsquo;\u00e0 San Francisco, ils nous veulent\u00bb, a assur\u00e9 le pr\u00e9sident r\u00e9publicain dimanche, sans d\u00e9tailler ce qu&rsquo;il entendait par l\u00e0.<\/p>\n<p class=\"fig-paragraph\">Le PDG du g\u00e9ant informatique Salesforce bas\u00e9 \u00e0 San Francisco, Marc Benioff, a r\u00e9cemment dit qu&rsquo;il pensait que l&rsquo;arm\u00e9e devait \u00eatre d\u00e9ploy\u00e9e dans la ville mais le maire d\u00e9mocrate Daniel Lurie et d&rsquo;autres repr\u00e9sentants locaux ont exprim\u00e9 leur opposition \u00e0 une telle mesure. Depuis, Marc Benioff s&rsquo;est r\u00e9tract\u00e9 et excus\u00e9.<\/p>\n<p class=\"fig-paragraph\">Donald Trump a par ailleurs r\u00e9it\u00e9r\u00e9 dimanche sa menace de recourir \u00e0 l&rsquo;\u00e9tat d&rsquo;urgence pour poursuivre ces d\u00e9ploiements critiqu\u00e9s par l&rsquo;opposition et des organisations de d\u00e9fenses des droits civiques. \u00abNe l&rsquo;oubliez pas, je peux utiliser l&rsquo;Insurection Act\u00bb, a-t-il d\u00e9clar\u00e9 en r\u00e9f\u00e9rence \u00e0 un ensemble de lois anciennes autorisant l&rsquo;usage des forces arm\u00e9es contre des citoyens am\u00e9ricains.<\/p>\n<p class=\"fig-paragraph\">Les gardes nationaux, des r\u00e9servistes de l&rsquo;arm\u00e9e, sont form\u00e9s pour intervenir dans des situations de catastrophes naturelles mais ils peuvent \u00e9galement combattre \u00e0 l&rsquo;\u00e9tranger.<\/p>\n<p class=\"fig-paragraph\">Fin septembre, Donald Trump avait dit devant des g\u00e9n\u00e9raux et amiraux am\u00e9ricains que \u00abcertaines de ces villes dangereuses\u00bb pourraient \u00eatre utilis\u00e9es \u00abcomme terrain d&rsquo;entra\u00eenement\u00bb pour les militaires.<\/p>\n","protected":false},"excerpt":{"rendered":"Apr\u00e8s Los Angeles, Washington et Memphis, le pr\u00e9sident am\u00e9ricain a affirm\u00e9 dimanche, lors d\u2019un entretien t\u00e9l\u00e9vis\u00e9, que la&hellip;\n","protected":false},"author":2,"featured_media":475631,"comment_status":"","ping_status":"","sticky":false,"template":"","format":"standard","meta":{"footnotes":""},"categories":[5],"tags":[259,11,260,1011,27,14,261,12,262,28],"class_list":{"0":"post-475630","1":"post","2":"type-post","3":"status-publish","4":"format-standard","5":"has-post-thumbnail","7":"category-international","8":"tag-actualite-internationale","9":"tag-actualites","10":"tag-affaires-etrangeres","11":"tag-fr","12":"tag-france","13":"tag-international","14":"tag-ministere-des-affaires-etrangeres","15":"tag-news","16":"tag-politique-etrangere","17":"tag-world"},"share_on_mastodon":{"url":"https:\/\/pubeurope.com\/@fr\/115403001904783340","error":""},"_links":{"self":[{"href":"https:\/\/www.europesays.com\/fr\/wp-json\/wp\/v2\/posts\/475630","targetHints":{"allow":["GET"]}}],"collection":[{"href":"https:\/\/www.europesays.com\/fr\/wp-json\/wp\/v2\/posts"}],"about":[{"href":"https:\/\/www.europesays.com\/fr\/wp-json\/wp\/v2\/types\/post"}],"author":[{"embeddable":true,"href":"https:\/\/www.europesays.com\/fr\/wp-json\/wp\/v2\/users\/2"}],"replies":[{"embeddable":true,"href":"https:\/\/www.europesays.com\/fr\/wp-json\/wp\/v2\/comments?post=475630"}],"version-history":[{"count":0,"href":"https:\/\/www.europesays.com\/fr\/wp-json\/wp\/v2\/posts\/475630\/revisions"}],"wp:featuredmedia":[{"embeddable":true,"href":"https:\/\/www.europesays.com\/fr\/wp-json\/wp\/v2\/media\/475631"}],"wp:attachment":[{"href":"https:\/\/www.europesays.com\/fr\/wp-json\/wp\/v2\/media?parent=475630"}],"wp:term":[{"taxonomy":"category","embeddable":true,"href":"https:\/\/www.europesays.com\/fr\/wp-json\/wp\/v2\/categories?post=475630"},{"taxonomy":"post_tag","embeddable":true,"href":"https:\/\/www.europesays.com\/fr\/wp-json\/wp\/v2\/tags?post=475630"}],"curies":[{"name":"wp","href":"https:\/\/api.w.org\/{rel}","templated":true}]}}