{"id":475632,"date":"2025-10-19T21:40:09","date_gmt":"2025-10-19T21:40:09","guid":{"rendered":"https:\/\/www.europesays.com\/fr\/475632\/"},"modified":"2025-10-19T21:40:09","modified_gmt":"2025-10-19T21:40:09","slug":"couronne-deugenie-fenetre-brisee-nacelle-les-images-du-cambriolage-au-louvre","status":"publish","type":"post","link":"https:\/\/www.europesays.com\/fr\/475632\/","title":{"rendered":"Couronne d\u2019Eug\u00e9nie, fen\u00eatre bris\u00e9e, nacelle\u2026 Les images du cambriolage au Louvre"},"content":{"rendered":"<p>Nacelle plac\u00e9e \u00e0 l\u2019ext\u00e9rieur, vitre coup\u00e9e \u00e0 la disqueuse, fuite en scooters\u2026 <a href=\"https:\/\/www.20minutes.fr\/faits_divers\/4180214-20251019-cambriolage-louvre-huit-bijoux-voles-commando-quatre-personnes-recherche-sait-vol-musee\" class=\"c-link c-link--is-underlined\" rel=\"nofollow noopener\" target=\"_blank\">Le cambriolage rocambolesque<\/a> ayant eu lieu dimanche, en plein jour, au mus\u00e9e du Louvre (le plus visit\u00e9 au monde), risque de marquer les annales. <a href=\"https:\/\/www.20minutes.fr\/faits_divers\/faits-divers-paris\/4180192-20251019-paris-braquage-louvre-musee-ferme-blesse\" class=\"c-link c-link--is-underlined\" rel=\"nofollow noopener\" target=\"_blank\">Huit bijoux<\/a> \u00ab\u00a0d\u2019une valeur patrimoniale inestimable\u00a0\u00bb, dont le diad\u00e8me de l\u2019imp\u00e9ratrice Eug\u00e9nie et deux colliers, ont \u00e9t\u00e9 d\u00e9rob\u00e9s en moins de sept minutes.<\/p>\n<p>Si le \u00ab\u00a0commando\u00a0\u00bb de quatre personnes est toujours recherch\u00e9, <a href=\"https:\/\/www.20minutes.fr\/politique\/emmanuel-macron\/\" class=\"c-link c-link--is-underlined\" rel=\"nofollow noopener\" target=\"_blank\">Emmanuel Macron<\/a> a promis dimanche soir sur X que \u00ab\u00a0nous retrouverons les \u0153uvres et les auteurs seront traduits en justice\u00a0\u00bb. 20 Minutes vous r\u00e9sume ce cambriolage hors norme en images.<\/p>\n","protected":false},"excerpt":{"rendered":"Nacelle plac\u00e9e \u00e0 l\u2019ext\u00e9rieur, vitre coup\u00e9e \u00e0 la disqueuse, fuite en scooters\u2026 Le cambriolage rocambolesque ayant eu lieu&hellip;\n","protected":false},"author":2,"featured_media":475633,"comment_status":"","ping_status":"","sticky":false,"template":"","format":"standard","meta":{"footnotes":""},"categories":[4],"tags":[47,11,5417,6941,39246,1174,118,1011,27,11274,3048,12,25,10912],"class_list":{"0":"post-475632","1":"post","2":"type-post","3":"status-publish","4":"format-standard","5":"has-post-thumbnail","7":"category-france","8":"tag-actualite","9":"tag-actualites","10":"tag-bijoux","11":"tag-braquage","12":"tag-braqueur","13":"tag-cambriolage","14":"tag-faits-divers","15":"tag-fr","16":"tag-france","17":"tag-louvre","18":"tag-musee","19":"tag-news","20":"tag-republique-francaise","21":"tag-voleur"},"share_on_mastodon":{"url":"","error":""},"_links":{"self":[{"href":"https:\/\/www.europesays.com\/fr\/wp-json\/wp\/v2\/posts\/475632","targetHints":{"allow":["GET"]}}],"collection":[{"href":"https:\/\/www.europesays.com\/fr\/wp-json\/wp\/v2\/posts"}],"about":[{"href":"https:\/\/www.europesays.com\/fr\/wp-json\/wp\/v2\/types\/post"}],"author":[{"embeddable":true,"href":"https:\/\/www.europesays.com\/fr\/wp-json\/wp\/v2\/users\/2"}],"replies":[{"embeddable":true,"href":"https:\/\/www.europesays.com\/fr\/wp-json\/wp\/v2\/comments?post=475632"}],"version-history":[{"count":0,"href":"https:\/\/www.europesays.com\/fr\/wp-json\/wp\/v2\/posts\/475632\/revisions"}],"wp:featuredmedia":[{"embeddable":true,"href":"https:\/\/www.europesays.com\/fr\/wp-json\/wp\/v2\/media\/475633"}],"wp:attachment":[{"href":"https:\/\/www.europesays.com\/fr\/wp-json\/wp\/v2\/media?parent=475632"}],"wp:term":[{"taxonomy":"category","embeddable":true,"href":"https:\/\/www.europesays.com\/fr\/wp-json\/wp\/v2\/categories?post=475632"},{"taxonomy":"post_tag","embeddable":true,"href":"https:\/\/www.europesays.com\/fr\/wp-json\/wp\/v2\/tags?post=475632"}],"curies":[{"name":"wp","href":"https:\/\/api.w.org\/{rel}","templated":true}]}}