{"id":475636,"date":"2025-10-19T21:42:11","date_gmt":"2025-10-19T21:42:11","guid":{"rendered":"https:\/\/www.europesays.com\/fr\/475636\/"},"modified":"2025-10-19T21:42:11","modified_gmt":"2025-10-19T21:42:11","slug":"saint-etienne-interpelle-apres-avoir-arrache-le-telephone-dans-les-mains-de-sa-victime","status":"publish","type":"post","link":"https:\/\/www.europesays.com\/fr\/475636\/","title":{"rendered":"Saint-\u00c9tienne. Interpell\u00e9 apr\u00e8s avoir arrach\u00e9 le t\u00e9l\u00e9phone dans les mains de sa victime"},"content":{"rendered":"<p>Il \u00e9tait environ 18h30 ce vendredi 17\u00a0octobre quand les forces de police ont \u00e9t\u00e9 pr\u00e9venues par un t\u00e9moin de la sc\u00e8ne qui venait de se d\u00e9rouler sous ses yeux. Ce dernier a expliqu\u00e9 avoir vu un individu arracher le t\u00e9l\u00e9phone portable des mains d\u2019une victime en l\u2019attaquant par-derri\u00e8re au niveau de la rue Parmentier entre les quartiers de Bellevue et La Rivi\u00e8re, \u00e0 Saint-Etienne.<\/p>\n<p>Gr\u00e2ce \u00e0 une description pr\u00e9cise, le jeune homme, \u00e2g\u00e9 de 16 ans et vivant \u00e0 Saint-Etienne, a pu \u00eatre retrouv\u00e9, interpell\u00e9 et plac\u00e9 en garde \u00e0 vue par les fonctionnaires de la police nationale. \u00c0 l\u2019issue, il s\u2019est vu convoquer dans le cadre d\u2019une composition p\u00e9nale au cours des prochaines semaines.<\/p>\n","protected":false},"excerpt":{"rendered":"Il \u00e9tait environ 18h30 ce vendredi 17\u00a0octobre quand les forces de police ont \u00e9t\u00e9 pr\u00e9venues par un t\u00e9moin&hellip;\n","protected":false},"author":2,"featured_media":475637,"comment_status":"","ping_status":"","sticky":false,"template":"","format":"standard","meta":{"footnotes":""},"categories":[9653],"tags":[1111,11,2430,271,272,7539,1777,674,274,1011,27,3367,12,25,4001,7538,104],"class_list":{"0":"post-475636","1":"post","2":"type-post","3":"status-publish","4":"format-standard","5":"has-post-thumbnail","7":"category-saint-etienne","8":"tag-actu","9":"tag-actualites","10":"tag-auvergne-rhone-alpes","11":"tag-crime","12":"tag-delit-et-contravention","13":"tag-edition-loire-sud","14":"tag-eu","15":"tag-europe","16":"tag-faits-divers-justice","17":"tag-fr","18":"tag-france","19":"tag-loire","20":"tag-news","21":"tag-republique-francaise","22":"tag-saint-etienne","23":"tag-saint-etienne-ville","24":"tag-societe"},"share_on_mastodon":{"url":"https:\/\/pubeurope.com\/@fr\/115403013778923889","error":""},"_links":{"self":[{"href":"https:\/\/www.europesays.com\/fr\/wp-json\/wp\/v2\/posts\/475636","targetHints":{"allow":["GET"]}}],"collection":[{"href":"https:\/\/www.europesays.com\/fr\/wp-json\/wp\/v2\/posts"}],"about":[{"href":"https:\/\/www.europesays.com\/fr\/wp-json\/wp\/v2\/types\/post"}],"author":[{"embeddable":true,"href":"https:\/\/www.europesays.com\/fr\/wp-json\/wp\/v2\/users\/2"}],"replies":[{"embeddable":true,"href":"https:\/\/www.europesays.com\/fr\/wp-json\/wp\/v2\/comments?post=475636"}],"version-history":[{"count":0,"href":"https:\/\/www.europesays.com\/fr\/wp-json\/wp\/v2\/posts\/475636\/revisions"}],"wp:featuredmedia":[{"embeddable":true,"href":"https:\/\/www.europesays.com\/fr\/wp-json\/wp\/v2\/media\/475637"}],"wp:attachment":[{"href":"https:\/\/www.europesays.com\/fr\/wp-json\/wp\/v2\/media?parent=475636"}],"wp:term":[{"taxonomy":"category","embeddable":true,"href":"https:\/\/www.europesays.com\/fr\/wp-json\/wp\/v2\/categories?post=475636"},{"taxonomy":"post_tag","embeddable":true,"href":"https:\/\/www.europesays.com\/fr\/wp-json\/wp\/v2\/tags?post=475636"}],"curies":[{"name":"wp","href":"https:\/\/api.w.org\/{rel}","templated":true}]}}